{"id":338991,"date":"2024-10-20T00:20:56","date_gmt":"2024-10-20T03:20:56","guid":{"rendered":"https:\/\/www.notibras.com\/site\/?p=338991"},"modified":"2024-10-20T05:29:17","modified_gmt":"2024-10-20T08:29:17","slug":"kontoyanis-parece-soprar-karoline-em-direcao-a-lugar-nenhum","status":"publish","type":"post","link":"https:\/\/www.notibras.com\/site\/kontoyanis-parece-soprar-karoline-em-direcao-a-lugar-nenhum\/","title":{"rendered":"Kontoyanis parece soprar Karoline em dire\u00e7\u00e3o a lugar nenhum"},"content":{"rendered":"<p>A disputa pela presid\u00eancia da OAB-DF sempre atrai aten\u00e7\u00e3o, com candidaturas que, em geral, refletem o compromisso com a advocacia e a defesa das prerrogativas da classe. No entanto, a candidatura de Dra. Karoline Guimar\u00e3es tem levantado d\u00favidas, n\u00e3o pela compet\u00eancia pessoal da candidata, mas pelo papel que Lucas Kontoyanis, seu coordenador de campanha, tem desempenhado nos bastidores.<\/p>\n<p>Karoline, conhecida por ser uma pessoa bacana e respeitada por seus colegas, parece ter se tornado um pe\u00e3o no jogo de Kontoyanis. Conhecido por suas manobras controversas, Lucas leva o processo eleitoral da OAB-DF conforme seus interesses pessoais. Ap\u00f3s v\u00e1rias tentativas frustradas de alian\u00e7a com outros grupos, sua insist\u00eancia em lan\u00e7ar Karoline \u00e0 presid\u00eancia soa mais como um capricho do que um plano estrat\u00e9gico realista.<\/p>\n<p>Nos bastidores, comenta-se que, sem conseguir emplacar suas negocia\u00e7\u00f5es, Kotoyanis decidiu registrar a candidatura de Karoline quase como uma afronta \u00e0queles que lhe fecharam as portas. Isso levanta a quest\u00e3o: a candidatura de Karoline est\u00e1 realmente focada nas necessidades da advocacia brasiliense ou atende aos ventos vol\u00faveis dos interesses de Lucas Kontoyanis?<\/p>\n<p>Com Karoline presa aos des\u00edgnios de seu coordenador, fica dif\u00edcil acreditar que essa chapa tenha uma proposta robusta e independente. Embora Karoline seja uma profissional com boas inten\u00e7\u00f5es, o controle de Kontoyanis sobre o processo eleitoral ofusca a legitimidade de sua candidatura. Assim, \u00e9 importante refletir se essa lideran\u00e7a representa, de fato, os interesses da advocacia ou se apenas satisfaz ambi\u00e7\u00f5es pessoais que n\u00e3o dialogam com os desafios da classe.<\/p>\n<p>Kontoyanis, que j\u00e1 se envolveu em diversos epis\u00f3dios question\u00e1veis, parece estar conduzindo mais uma jogada de bastidor. E, ao que tudo indica, seu foco est\u00e1 muito mais em manter seu nome ativo nas articula\u00e7\u00f5es pol\u00edticas do que em fortalecer uma proposta real. Enquanto isso, a campanha de Karoline segue morna, sem apresentar as respostas que muitos esperam para os desafios da advocacia.<\/p>\n<p>Com esse cen\u00e1rio, a elei\u00e7\u00e3o corre o risco de se transformar em palco para vaidades pessoais, ao inv\u00e9s de um debate s\u00e9rio sobre o futuro da advocacia no Distrito Federal. Karoline, apesar de suas qualidades, parece estar sendo levada por um vento que n\u00e3o sopra a favor da classe.<\/p>\n<p><strong>*Texto publicado originalmente no site <a href=\"http:\/\/pandoranews.com.br\">http:\/\/pandoranews.com.br<\/a><\/strong><\/p>\n","protected":false},"excerpt":{"rendered":"<p>A disputa pela presid\u00eancia da OAB-DF sempre atrai aten\u00e7\u00e3o, com candidaturas que, em geral, refletem o compromisso com a advocacia e a defesa das prerrogativas da classe. No entanto, a candidatura de Dra. Karoline Guimar\u00e3es tem levantado d\u00favidas, n\u00e3o pela compet\u00eancia pessoal da candidata, mas pelo papel que Lucas Kontoyanis, seu coordenador de campanha, tem [&hellip;]<\/p>\n","protected":false},"author":2,"featured_media":338992,"comment_status":"closed","ping_status":"closed","sticky":false,"template":"","format":"standard","meta":{"_acf_changed":false,"footnotes":""},"categories":[161],"tags":[],"class_list":["post-338991","post","type-post","status-publish","format-standard","has-post-thumbnail","hentry","category-quadradinho-em-foco"],"acf":[],"_links":{"self":[{"href":"https:\/\/www.notibras.com\/site\/wp-json\/wp\/v2\/posts\/338991","targetHints":{"allow":["GET"]}}],"collection":[{"href":"https:\/\/www.notibras.com\/site\/wp-json\/wp\/v2\/posts"}],"about":[{"href":"https:\/\/www.notibras.com\/site\/wp-json\/wp\/v2\/types\/post"}],"author":[{"embeddable":true,"href":"https:\/\/www.notibras.com\/site\/wp-json\/wp\/v2\/users\/2"}],"replies":[{"embeddable":true,"href":"https:\/\/www.notibras.com\/site\/wp-json\/wp\/v2\/comments?post=338991"}],"version-history":[{"count":4,"href":"https:\/\/www.notibras.com\/site\/wp-json\/wp\/v2\/posts\/338991\/revisions"}],"predecessor-version":[{"id":338996,"href":"https:\/\/www.notibras.com\/site\/wp-json\/wp\/v2\/posts\/338991\/revisions\/338996"}],"wp:featuredmedia":[{"embeddable":true,"href":"https:\/\/www.notibras.com\/site\/wp-json\/wp\/v2\/media\/338992"}],"wp:attachment":[{"href":"https:\/\/www.notibras.com\/site\/wp-json\/wp\/v2\/media?parent=338991"}],"wp:term":[{"taxonomy":"category","embeddable":true,"href":"https:\/\/www.notibras.com\/site\/wp-json\/wp\/v2\/categories?post=338991"},{"taxonomy":"post_tag","embeddable":true,"href":"https:\/\/www.notibras.com\/site\/wp-json\/wp\/v2\/tags?post=338991"}],"curies":[{"name":"wp","href":"https:\/\/api.w.org\/{rel}","templated":true}]}}