{"id":339000,"date":"2024-10-20T00:00:37","date_gmt":"2024-10-20T03:00:37","guid":{"rendered":"https:\/\/www.notibras.com\/site\/?p=339000"},"modified":"2024-10-20T05:43:46","modified_gmt":"2024-10-20T08:43:46","slug":"alagoas-da-exemplo-para-uso-da-inteligencia-artificial","status":"publish","type":"post","link":"https:\/\/www.notibras.com\/site\/alagoas-da-exemplo-para-uso-da-inteligencia-artificial\/","title":{"rendered":"Alagoas d\u00e1 exemplo para uso da intelig\u00eancia artificial"},"content":{"rendered":"<p>Pesquisadores e gestores p\u00fablicos debateram esta semana a utiliza\u00e7\u00e3o da intelig\u00eancia artificial e a governan\u00e7a de dados nas pol\u00edticas p\u00fablicas da educa\u00e7\u00e3o. O semin\u00e1rio Educa\u00e7\u00e3o, Governan\u00e7a de Dados e Intelig\u00eancia Artificial, promovido pelo Minist\u00e9rio da Educa\u00e7\u00e3o, buscou apontar alternativas para o gerenciamento de informa\u00e7\u00f5es que garantem direitos e o uso de dados na tomada de decis\u00f5es. O evento foi realizado em parceria com a Universidade Federal de Alagoas (UFAL) e o Instituto Federal de Bras\u00edlia (IFB).<\/p>\n<p>Se analisados em tempo real, por exemplo, dados como a frequ\u00eancia em aulas podem ser usados para auxiliar uma institui\u00e7\u00e3o de ensino a tomar medidas necess\u00e1rias para apoiar estudantes, garantindo a perman\u00eancia dos alunos e o acesso \u00e0 educa\u00e7\u00e3o.<\/p>\n<p>A diretora de Apoio \u00e0 Gest\u00e3o Educacional da Secretaria de Educa\u00e7\u00e3o B\u00e1sica (SEB), Anita Gea Martinez Stefani, afirma que um dos desafios \u00e9 conseguir documentos como o hist\u00f3rico escolar da educa\u00e7\u00e3o b\u00e1sica para alunos que estudaram em mais de uma institui\u00e7\u00e3o, demonstrando a necessidade de atualizar a forma que os dados s\u00e3o tratados na rede de educa\u00e7\u00e3o como um todo.<\/p>\n<p>\u201cQuando falamos sobre intera\u00e7\u00e3o e interoperabilidade de dados e conex\u00e3o das informa\u00e7\u00f5es, estamos falando sobre fornecer direitos, servi\u00e7os p\u00fablicos que j\u00e1 poderiam estar dispon\u00edveis, mas que tecnicamente a gente ainda n\u00e3o se organizou para disponibilizar para os cidad\u00e3os\u201d, ressalta a diretora.<\/p>\n<p>Para lidar com a demanda de atualiza\u00e7\u00e3o dos m\u00e9todos usados atualmente, foi criado o Gest\u00e3o Presente, um hub educacional (plataforma de armazenamento e organiza\u00e7\u00e3o de dados). O sistema foi desenvolvido em parceria do MEC e com o N\u00facleo de Excel\u00eancia em Tecnologias Sociais (NEES\/UFAL), para ser um Hub de Dados da Educa\u00e7\u00e3o B\u00e1sica, que armazena informa\u00e7\u00f5es de estudantes e auxilia nos processos de gest\u00e3o escolar, como di\u00e1rio de classe, matr\u00edcula, entre outros.<\/p>\n<p>O representante da Uni\u00e3o Nacional dos Dirigentes Municipais de Educa\u00e7\u00e3o (Undime), Vilmar Klemann, tamb\u00e9m elenca alguns dos desafios enfrentados, como dados incorretos ou incompletos, a leitura e an\u00e1lise de dados e falta de profissionais qualificados.<\/p>\n<p>\u201cGeralmente profissionais qualificados n\u00e3o ficam nas redes municipais e infelizmente resulta em uma rotatividade muito alta\u201d, lamenta Klemann.<\/p>\n<p>As discuss\u00f5es apontaram como a tecnologia pode ser aplicada n\u00e3o s\u00f3 como recurso educacional, mas como ferramenta de otimiza\u00e7\u00e3o, auxiliando a escola a ser mais eficiente na gest\u00e3o da educa\u00e7\u00e3o.<\/p>\n","protected":false},"excerpt":{"rendered":"<p>Pesquisadores e gestores p\u00fablicos debateram esta semana a utiliza\u00e7\u00e3o da intelig\u00eancia artificial e a governan\u00e7a de dados nas pol\u00edticas p\u00fablicas da educa\u00e7\u00e3o. O semin\u00e1rio Educa\u00e7\u00e3o, Governan\u00e7a de Dados e Intelig\u00eancia Artificial, promovido pelo Minist\u00e9rio da Educa\u00e7\u00e3o, buscou apontar alternativas para o gerenciamento de informa\u00e7\u00f5es que garantem direitos e o uso de dados na tomada de [&hellip;]<\/p>\n","protected":false},"author":2,"featured_media":231897,"comment_status":"closed","ping_status":"closed","sticky":false,"template":"","format":"standard","meta":{"_acf_changed":false,"footnotes":""},"categories":[165],"tags":[],"class_list":["post-339000","post","type-post","status-publish","format-standard","has-post-thumbnail","hentry","category-nordeste"],"acf":[],"_links":{"self":[{"href":"https:\/\/www.notibras.com\/site\/wp-json\/wp\/v2\/posts\/339000","targetHints":{"allow":["GET"]}}],"collection":[{"href":"https:\/\/www.notibras.com\/site\/wp-json\/wp\/v2\/posts"}],"about":[{"href":"https:\/\/www.notibras.com\/site\/wp-json\/wp\/v2\/types\/post"}],"author":[{"embeddable":true,"href":"https:\/\/www.notibras.com\/site\/wp-json\/wp\/v2\/users\/2"}],"replies":[{"embeddable":true,"href":"https:\/\/www.notibras.com\/site\/wp-json\/wp\/v2\/comments?post=339000"}],"version-history":[{"count":1,"href":"https:\/\/www.notibras.com\/site\/wp-json\/wp\/v2\/posts\/339000\/revisions"}],"predecessor-version":[{"id":339001,"href":"https:\/\/www.notibras.com\/site\/wp-json\/wp\/v2\/posts\/339000\/revisions\/339001"}],"wp:featuredmedia":[{"embeddable":true,"href":"https:\/\/www.notibras.com\/site\/wp-json\/wp\/v2\/media\/231897"}],"wp:attachment":[{"href":"https:\/\/www.notibras.com\/site\/wp-json\/wp\/v2\/media?parent=339000"}],"wp:term":[{"taxonomy":"category","embeddable":true,"href":"https:\/\/www.notibras.com\/site\/wp-json\/wp\/v2\/categories?post=339000"},{"taxonomy":"post_tag","embeddable":true,"href":"https:\/\/www.notibras.com\/site\/wp-json\/wp\/v2\/tags?post=339000"}],"curies":[{"name":"wp","href":"https:\/\/api.w.org\/{rel}","templated":true}]}}