{"id":339002,"date":"2024-10-20T00:00:14","date_gmt":"2024-10-20T03:00:14","guid":{"rendered":"https:\/\/www.notibras.com\/site\/?p=339002"},"modified":"2024-10-20T05:50:00","modified_gmt":"2024-10-20T08:50:00","slug":"bahia-decreta-tres-dias-de-luto-apos-massacre-em-escola","status":"publish","type":"post","link":"https:\/\/www.notibras.com\/site\/bahia-decreta-tres-dias-de-luto-apos-massacre-em-escola\/","title":{"rendered":"Bahia decreta tr\u00eas dias de luto ap\u00f3s massacre em escola"},"content":{"rendered":"<p>O governador da Bahia, Jer\u00f4nimo Rodrigues, decretou luto oficial de tr\u00eas dias no estado ap\u00f3s um aluno de 14 anos matar tr\u00eas colegas e tirou a pr\u00f3pria vida na sexta-feira (18) em Heli\u00f3polis, no norte da Bahia. O massacre ocorreu no Col\u00e9gio Municipal Dom Pedro I, no povoado de Serra dos Correias, a cerca de 330 quil\u00f4metros da capital Salvador, pr\u00f3ximo \u00e0 divisa com Sergipe.<\/p>\n<p>Segundo a Secretaria de Seguran\u00e7a da Bahia, por volta das 17h de ontem, o jovem levantou-se da carteira durante uma aula e matou tr\u00eas colegas de classe, duas jovens de 15 anos e um adolescente da mesma idade.<\/p>\n<p>Al\u00e9m de decretar luto oficial, o governador Jer\u00f4nimo Rodrigues determinou rapidez na apura\u00e7\u00e3o do caso e ofereceu apoio ao prefeito de Heli\u00f3polis, Jos\u00e9 Mendon\u00e7a Dantas.<\/p>\n<p>\u201cAcabo de receber a triste e lament\u00e1vel not\u00edcia da morte de quatro jovens, estudantes da rede municipal da cidade de Heli\u00f3polis. Meus sentimentos a todos os familiares e colegas dos estudantes. Determinei \u00e0 Secretaria de Seguran\u00e7a P\u00fablica a imediata apura\u00e7\u00e3o do fato. J\u00e1 estamos prestando o apoio necess\u00e1rio ao munic\u00edpio e ao prefeito Mendon\u00e7a atrav\u00e9s da estrutura do governo do estado\u201d, escreveu o governador.<\/p>\n<p>Por meio de nota oficial, o Minist\u00e9rio da Justi\u00e7a e Seguran\u00e7a P\u00fablica lamentou a trag\u00e9dia e anunciou ajuda na investiga\u00e7\u00e3o. &#8220;O Minist\u00e9rio est\u00e1 em contato com as autoridades locais para prestar todo o apoio necess\u00e1rio para a apura\u00e7\u00e3o do caso. Por meio do Laborat\u00f3rio de Opera\u00e7\u00f5es Cibern\u00e9ticas (Ciberlab), o MJSP auxiliar\u00e1 os investigadores para que os fatos sejam elucidados o mais breve poss\u00edvel&#8221;, informou a pasta.<\/p>\n<p>O ministro da Educa\u00e7\u00e3o, Camilo Santana, lamentou as mortes e p\u00f4s \u00e0 disposi\u00e7\u00e3o equipes de atendimento psicol\u00f3gico da pasta. \u201cLiguei para o governador Jer\u00f4nimo Rodrigues e para o prefeito Mendon\u00e7a e coloquei o Minist\u00e9rio da Educa\u00e7\u00e3o \u00e0 inteira disposi\u00e7\u00e3o, com envio da equipe de psic\u00f3logas especialistas em Psicologia das Emerg\u00eancias e Desastres, que comp\u00f5em o n\u00facleo de resposta e reconstru\u00e7\u00e3o de comunidades escolares ap\u00f3s ataques de viol\u00eancia extrema\u201d, postou Santana.<\/p>\n<p>Ex-governador da Bahia, o ministro da Casa Civil, Rui Costa, manifestou-se sobre o crime. \u201cNeste momento de dor, envio minha solidariedade e ora\u00e7\u00f5es \u00e0s fam\u00edlias e amigos das v\u00edtimas, al\u00e9m de toda a comunidade escolar. \u00c9 devastador pensar nas vidas inocentes que foram interrompidas de forma t\u00e3o tr\u00e1gica\u201d, escreveu.<\/p>\n","protected":false},"excerpt":{"rendered":"<p>O governador da Bahia, Jer\u00f4nimo Rodrigues, decretou luto oficial de tr\u00eas dias no estado ap\u00f3s um aluno de 14 anos matar tr\u00eas colegas e tirou a pr\u00f3pria vida na sexta-feira (18) em Heli\u00f3polis, no norte da Bahia. O massacre ocorreu no Col\u00e9gio Municipal Dom Pedro I, no povoado de Serra dos Correias, a cerca de [&hellip;]<\/p>\n","protected":false},"author":2,"featured_media":339003,"comment_status":"closed","ping_status":"closed","sticky":false,"template":"","format":"standard","meta":{"_acf_changed":false,"footnotes":""},"categories":[165],"tags":[],"class_list":["post-339002","post","type-post","status-publish","format-standard","has-post-thumbnail","hentry","category-nordeste"],"acf":[],"_links":{"self":[{"href":"https:\/\/www.notibras.com\/site\/wp-json\/wp\/v2\/posts\/339002","targetHints":{"allow":["GET"]}}],"collection":[{"href":"https:\/\/www.notibras.com\/site\/wp-json\/wp\/v2\/posts"}],"about":[{"href":"https:\/\/www.notibras.com\/site\/wp-json\/wp\/v2\/types\/post"}],"author":[{"embeddable":true,"href":"https:\/\/www.notibras.com\/site\/wp-json\/wp\/v2\/users\/2"}],"replies":[{"embeddable":true,"href":"https:\/\/www.notibras.com\/site\/wp-json\/wp\/v2\/comments?post=339002"}],"version-history":[{"count":1,"href":"https:\/\/www.notibras.com\/site\/wp-json\/wp\/v2\/posts\/339002\/revisions"}],"predecessor-version":[{"id":339004,"href":"https:\/\/www.notibras.com\/site\/wp-json\/wp\/v2\/posts\/339002\/revisions\/339004"}],"wp:featuredmedia":[{"embeddable":true,"href":"https:\/\/www.notibras.com\/site\/wp-json\/wp\/v2\/media\/339003"}],"wp:attachment":[{"href":"https:\/\/www.notibras.com\/site\/wp-json\/wp\/v2\/media?parent=339002"}],"wp:term":[{"taxonomy":"category","embeddable":true,"href":"https:\/\/www.notibras.com\/site\/wp-json\/wp\/v2\/categories?post=339002"},{"taxonomy":"post_tag","embeddable":true,"href":"https:\/\/www.notibras.com\/site\/wp-json\/wp\/v2\/tags?post=339002"}],"curies":[{"name":"wp","href":"https:\/\/api.w.org\/{rel}","templated":true}]}}