{"id":339008,"date":"2024-10-21T00:30:53","date_gmt":"2024-10-21T03:30:53","guid":{"rendered":"https:\/\/www.notibras.com\/site\/?p=339008"},"modified":"2024-10-21T06:31:47","modified_gmt":"2024-10-21T09:31:47","slug":"declamando-drummond-ja-tem-dia-e-hora-certa-no-sebinho","status":"publish","type":"post","link":"https:\/\/www.notibras.com\/site\/declamando-drummond-ja-tem-dia-e-hora-certa-no-sebinho\/","title":{"rendered":"&#8216;Declamando Drummond&#8217; j\u00e1 tem dia e hora certa no Sebinho"},"content":{"rendered":"<p>Para quem ainda n\u00e3o conhece a talentosa escritora Simone Magalh\u00e3es, uma boa oportunidade de conhec\u00ea-la ser\u00e1 no dia 9 de novembro. Ela estar\u00e1 das 10 \u00e0s 19h, no Sebinho da 406 Norte, no bloco C, daquela quadra, onde acontecer\u00e1 o &#8220;Declame para Drummond &amp; DIA D&#8221;.<\/p>\n<p>Simone, que \u00e9 nascida e reside em Bras\u00edlia, \u00e9 jornalista e trabalha como radialista. Al\u00e9m de escritora, \u00e9 poetisa. Ela j\u00e1 teve poemas publicados no Caf\u00e9 Liter\u00e1rio, aqui no <strong>Notibras<\/strong>.<\/p>\n<p>&#8220;Declame para Drumond &amp; DIA D&#8221;, com produ\u00e7\u00e3o de Marina Maia, tem apoio da Livraria Sebinho, curadoria da Feira Liter\u00e1ria por Nat\u00e1lia Aniceto, Av\u00e1 Editora, e aguarda grande p\u00fablico apaixonado por poesia. N\u00e3o perca!<\/p>\n","protected":false},"excerpt":{"rendered":"<p>Para quem ainda n\u00e3o conhece a talentosa escritora Simone Magalh\u00e3es, uma boa oportunidade de conhec\u00ea-la ser\u00e1 no dia 9 de novembro. Ela estar\u00e1 das 10 \u00e0s 19h, no Sebinho da 406 Norte, no bloco C, daquela quadra, onde acontecer\u00e1 o &#8220;Declame para Drummond &amp; DIA D&#8221;. Simone, que \u00e9 nascida e reside em Bras\u00edlia, \u00e9 [&hellip;]<\/p>\n","protected":false},"author":2,"featured_media":339009,"comment_status":"closed","ping_status":"closed","sticky":false,"template":"","format":"standard","meta":{"_acf_changed":false,"footnotes":""},"categories":[161],"tags":[],"class_list":["post-339008","post","type-post","status-publish","format-standard","has-post-thumbnail","hentry","category-quadradinho-em-foco"],"acf":[],"_links":{"self":[{"href":"https:\/\/www.notibras.com\/site\/wp-json\/wp\/v2\/posts\/339008","targetHints":{"allow":["GET"]}}],"collection":[{"href":"https:\/\/www.notibras.com\/site\/wp-json\/wp\/v2\/posts"}],"about":[{"href":"https:\/\/www.notibras.com\/site\/wp-json\/wp\/v2\/types\/post"}],"author":[{"embeddable":true,"href":"https:\/\/www.notibras.com\/site\/wp-json\/wp\/v2\/users\/2"}],"replies":[{"embeddable":true,"href":"https:\/\/www.notibras.com\/site\/wp-json\/wp\/v2\/comments?post=339008"}],"version-history":[{"count":1,"href":"https:\/\/www.notibras.com\/site\/wp-json\/wp\/v2\/posts\/339008\/revisions"}],"predecessor-version":[{"id":339010,"href":"https:\/\/www.notibras.com\/site\/wp-json\/wp\/v2\/posts\/339008\/revisions\/339010"}],"wp:featuredmedia":[{"embeddable":true,"href":"https:\/\/www.notibras.com\/site\/wp-json\/wp\/v2\/media\/339009"}],"wp:attachment":[{"href":"https:\/\/www.notibras.com\/site\/wp-json\/wp\/v2\/media?parent=339008"}],"wp:term":[{"taxonomy":"category","embeddable":true,"href":"https:\/\/www.notibras.com\/site\/wp-json\/wp\/v2\/categories?post=339008"},{"taxonomy":"post_tag","embeddable":true,"href":"https:\/\/www.notibras.com\/site\/wp-json\/wp\/v2\/tags?post=339008"}],"curies":[{"name":"wp","href":"https:\/\/api.w.org\/{rel}","templated":true}]}}