{"id":339035,"date":"2024-10-20T08:23:55","date_gmt":"2024-10-20T11:23:55","guid":{"rendered":"https:\/\/www.notibras.com\/site\/?p=339035"},"modified":"2024-10-20T08:26:47","modified_gmt":"2024-10-20T11:26:47","slug":"canela-gramado-e-um-pouco-de-buenos-aires","status":"publish","type":"post","link":"https:\/\/www.notibras.com\/site\/canela-gramado-e-um-pouco-de-buenos-aires\/","title":{"rendered":"Canela, Gramado e um pouco de Buenos Aires"},"content":{"rendered":"<p>Para quem n\u00e3o sabe, trabalho com a Cec\u00edlia Baumann aqui no Notibras, especificamente na editoria Caf\u00e9 Liter\u00e1rio. Ela, que estava de viagem para Buenos Aires, me perguntou se eu conhecia a cidade. Respondi que sim, bem como j\u00e1 estive l\u00e1 duas vezes.<\/p>\n<p>A Cec\u00edlia, ent\u00e3o, quis saber seu j\u00e1 teria ido a Gramado. Disse que sim, mas sem muito floreio. Ela, que de boba n\u00e3o tem nada, deve ter percebido qual foi a minha impress\u00e3o do famoso destino de muitos brasileiros, inclusive dos brasilienses.<\/p>\n<p>Recentemente conheci a t\u00e3o falada Gramado. Desculpe os que enaltecem tal cidade, mas para mim n\u00e3o passa de um grande shopping a c\u00e9u aberto, j\u00e1 que paisagem \u00e9 o que menos conseguimos enxergar por l\u00e1.<\/p>\n<p>N\u00e3o sei se voc\u00ea j\u00e1 viu o filme &#8220;O show de Truman&#8221;, com o Jim Carrey. Pois bem, parece que em Gramado tudo est\u00e1 no devido lugar, com todas as coisas extremamente previs\u00edveis, como se as pessoas que caminham de um lado para o outro fossem figurantes. At\u00e9 pensei que, de repente, aquele cachorro do referido filme fosse pular em cima de mim, numa brincadeira que se repete todos os dias.<\/p>\n<p>Pois \u00e9, essa viagem que fiz estaria fadada a entrar numa das mais frustrantes que j\u00e1 fiz com a Dona Irene. Todavia, ela me convidou para dar um pulinho logo ali na cidade vizinha: Canela. Que del\u00edcia de cidade!!!<\/p>\n<p>Canela parece muito mais conosco, j\u00e1 que n\u00e3o \u00e9 um local cheio de extras pagos para dar aquela impress\u00e3o de perfei\u00e7\u00e3o. Ali\u00e1s, at\u00e9 a minha mulher, que \u00e9 dessas turistas meio malucas, se sentiu extremamente livre por l\u00e1. Tanto \u00e9 que fez quest\u00e3o de tirar fotos at\u00e9 em cima de um dos in\u00fameros coelhos espalhados por uma das pra\u00e7as.<\/p>\n<p>Mas n\u00e3o estou aqui para fazer com que voc\u00ea desista de ir conhecer Gramado. V\u00e1, sim! Aproveite toda aquela maquete montada milimetricamente para parecer um cen\u00e1rio digno de Hollywood. No entanto, v\u00e1 depois para Canela, onde, ali, sim, voc\u00ea vai passar momentos dignos de uma viagem bem legal. Ainda mais se voc\u00ea for que nem a Dona Irene e eu, que preferimos algo do tipo &#8220;As loucuras de Dick e Jane&#8221; ou, melhor ainda, &#8220;Eu, eu mesmo e Irene&#8221;.<\/p>\n<p><strong>*Eduardo Mart\u00ednez \u00e9 autor do livro \u201c57 Contos e Cr\u00f4nicas por um Autor muito Velho\u201d.<\/strong><\/p>\n<p>Compre aqui\u00a0<span class=\"x19la9d6 x1fc57z9 x6ikm8r x10wlt62 x19co3pv x1g5zs5t xfibh0p xiy17q3 x1xsqp64 x1lkfr7t xexx8yu x4uap5 x18d9i69 xkhd6sd\"><span class=\"xrtxmta x1bhl96m\"><img decoding=\"async\" class=\"emoji\" role=\"img\" draggable=\"false\" src=\"https:\/\/s.w.org\/images\/core\/emoji\/14.0.0\/svg\/1f447-1f3ff.svg\" alt=\"&#x1f447;&#x1f3ff;\" \/><\/span><\/span><span class=\"x19la9d6 x1fc57z9 x6ikm8r x10wlt62 x19co3pv x1g5zs5t xfibh0p xiy17q3 x1xsqp64 x1lkfr7t xexx8yu x4uap5 x18d9i69 xkhd6sd\"><span class=\"xrtxmta x1bhl96m\"><img decoding=\"async\" class=\"emoji\" role=\"img\" draggable=\"false\" src=\"https:\/\/s.w.org\/images\/core\/emoji\/14.0.0\/svg\/1f447-1f3ff.svg\" alt=\"&#x1f447;&#x1f3ff;\" \/><\/span><\/span><span class=\"x19la9d6 x1fc57z9 x6ikm8r x10wlt62 x19co3pv x1g5zs5t xfibh0p xiy17q3 x1xsqp64 x1lkfr7t xexx8yu x4uap5 x18d9i69 xkhd6sd\"><span class=\"xrtxmta x1bhl96m\"><img decoding=\"async\" class=\"emoji\" role=\"img\" draggable=\"false\" src=\"https:\/\/s.w.org\/images\/core\/emoji\/14.0.0\/svg\/1f447-1f3ff.svg\" alt=\"&#x1f447;&#x1f3ff;\" \/><\/span><\/span><\/p>\n<p><a href=\"http:\/\/www.joanineditora.com.br\/57-contos-e-cronicas-por-um-autor-muito-velho\">http:\/\/www.joanineditora.com.br\/57-contos-e-cronicas-por-um-autor-muito-velho<\/a><\/p>\n<div id=\"wpdevar_comment_4\"><\/div>\n","protected":false},"excerpt":{"rendered":"<p>Para quem n\u00e3o sabe, trabalho com a Cec\u00edlia Baumann aqui no Notibras, especificamente na editoria Caf\u00e9 Liter\u00e1rio. Ela, que estava de viagem para Buenos Aires, me perguntou se eu conhecia a cidade. Respondi que sim, bem como j\u00e1 estive l\u00e1 duas vezes. A Cec\u00edlia, ent\u00e3o, quis saber seu j\u00e1 teria ido a Gramado. Disse que [&hellip;]<\/p>\n","protected":false},"author":2,"featured_media":339036,"comment_status":"closed","ping_status":"closed","sticky":false,"template":"","format":"standard","meta":{"_acf_changed":false,"footnotes":""},"categories":[161],"tags":[],"class_list":["post-339035","post","type-post","status-publish","format-standard","has-post-thumbnail","hentry","category-quadradinho-em-foco"],"acf":[],"_links":{"self":[{"href":"https:\/\/www.notibras.com\/site\/wp-json\/wp\/v2\/posts\/339035","targetHints":{"allow":["GET"]}}],"collection":[{"href":"https:\/\/www.notibras.com\/site\/wp-json\/wp\/v2\/posts"}],"about":[{"href":"https:\/\/www.notibras.com\/site\/wp-json\/wp\/v2\/types\/post"}],"author":[{"embeddable":true,"href":"https:\/\/www.notibras.com\/site\/wp-json\/wp\/v2\/users\/2"}],"replies":[{"embeddable":true,"href":"https:\/\/www.notibras.com\/site\/wp-json\/wp\/v2\/comments?post=339035"}],"version-history":[{"count":3,"href":"https:\/\/www.notibras.com\/site\/wp-json\/wp\/v2\/posts\/339035\/revisions"}],"predecessor-version":[{"id":339039,"href":"https:\/\/www.notibras.com\/site\/wp-json\/wp\/v2\/posts\/339035\/revisions\/339039"}],"wp:featuredmedia":[{"embeddable":true,"href":"https:\/\/www.notibras.com\/site\/wp-json\/wp\/v2\/media\/339036"}],"wp:attachment":[{"href":"https:\/\/www.notibras.com\/site\/wp-json\/wp\/v2\/media?parent=339035"}],"wp:term":[{"taxonomy":"category","embeddable":true,"href":"https:\/\/www.notibras.com\/site\/wp-json\/wp\/v2\/categories?post=339035"},{"taxonomy":"post_tag","embeddable":true,"href":"https:\/\/www.notibras.com\/site\/wp-json\/wp\/v2\/tags?post=339035"}],"curies":[{"name":"wp","href":"https:\/\/api.w.org\/{rel}","templated":true}]}}