{"id":339088,"date":"2024-10-21T06:25:05","date_gmt":"2024-10-21T09:25:05","guid":{"rendered":"https:\/\/www.notibras.com\/site\/?p=339088"},"modified":"2024-10-21T06:25:05","modified_gmt":"2024-10-21T09:25:05","slug":"disputa-pela-oab-sofre-golpe-moral-com-ingerencia-direta-de-ibaneis","status":"publish","type":"post","link":"https:\/\/www.notibras.com\/site\/disputa-pela-oab-sofre-golpe-moral-com-ingerencia-direta-de-ibaneis\/","title":{"rendered":"Disputa pela OAB sofre golpe moral com inger\u00eancia direta de Ibaneis"},"content":{"rendered":"<p>Imagine um campo de batalha onde as for\u00e7as em disputa s\u00e3o as ideias e os valores. De um lado, a independ\u00eancia, a autonomia; do outro, a for\u00e7a do poder pol\u00edtico, pronto para intervir. A cena que se desenha \u00e9 a disputa pela dire\u00e7\u00e3o da OAB-DF, entidade representativa de profissionais do campo do Direito. Uma classe que, por ess\u00eancia, busca o equil\u00edbrio entre a lei e a justi\u00e7a.<\/p>\n<p>Contudo, nesse embate, um novo ator surge: o governante, que deveria ser o guardi\u00e3o imparcial das institui\u00e7\u00f5es, mas agora usa sua posi\u00e7\u00e3o para interferir e influenciar o resultado. Ao manifestar, como fez, apoio p\u00fablico ao seu compadre Cleber Lopes, Ibaneis Rocha, que assina atos de cargos comissionados no Governo do Distrito Federal, parece querer transportar para a sucess\u00e3o de Jr o poder da caneta.<\/p>\n<p>A moralidade desse gesto \u00e9 a primeira v\u00edtima. Ao tomar partido, o governador, que j\u00e1 presidiu a Ordem, rompe o v\u00e9u da neutralidade que deveria resguardar sua conduta. Teme-se que a OAB, por mais trope\u00e7os que colecione, se antes gozava de autonomia e representava, com um certo grau de independ\u00eancia, os interesses de seus profissionais, agora se v\u00ea sob amea\u00e7a de se transformar em um mero ap\u00eandice, um &#8220;puxadinho&#8221; do Pal\u00e1cio do Buriti numa hipot\u00e9tica vit\u00f3ria de Cleber Lopes .<\/p>\n<p>Causou surpresa a <strong>Notibras<\/strong>, como de resto, sup\u00f5e-se, aos demais ve\u00edculos de comunica\u00e7\u00e3o e \u00e0 pr\u00f3pria classe dos advogados, a intempestiva manifesta\u00e7\u00e3o do governador. Nossos rep\u00f3rteres silenciaram at\u00e9 aqui, na expectativa de ver um recuo de Ibaneis, que, como governante, esbarra em problemas cruciais para administrar a capital da Rep\u00fablica. Mas, com a proximidade (dia 24) do lan\u00e7amento oficial da chapa verde, que tem muitos advogados maduros, observa-se que a pluralidade de opini\u00f5es e o debate de ideias correm o risco de serem substitu\u00eddos por um cen\u00e1rio monol\u00edtico, onde s\u00f3 h\u00e1 espa\u00e7o para as diretrizes impostas pelo poder central.<\/p>\n<p>O preju\u00edzo n\u00e3o \u00e9 apenas institucional, mas tamb\u00e9m moral. Profissionais que dedicaram anos de suas vidas ao estudo e \u00e0 pr\u00e1tica do Direito veem sua voz abafada por decis\u00f5es pol\u00edticas que t\u00eam pouco a ver com o interesse p\u00fablico. A confian\u00e7a na imparcialidade das institui\u00e7\u00f5es come\u00e7a a desmoronar, e, com ela, a pr\u00f3pria base da justi\u00e7a se enfraquece.<\/p>\n<p>Por tr\u00e1s dessa manobra, esconde-se uma estrat\u00e9gia bem conhecida: enfraquecer a independ\u00eancia das entidades representativas para consolidar o controle. Ao moldar a lideran\u00e7a dessas organiza\u00e7\u00f5es conforme sua conveni\u00eancia, o governador parece abrir caminho para um poder menos contestado, onde as resist\u00eancias \u00e0 sua vontade se dissolvem em uma submiss\u00e3o t\u00e1cita. A OAB corre o risco de transformar-se num bra\u00e7o operativo das vontades pol\u00edticas, muitas vezes em detrimento dos pr\u00f3prios profissionais que representa.<\/p>\n<p>Em um cen\u00e1rio assim, \u00e9 f\u00e1cil perceber o impacto de longo prazo. A autonomia de entidades como a Ordem dos Advogados do Brasil n\u00e3o \u00e9 apenas um princ\u00edpio abstrato; \u00e9 uma garantia de que os interesses de cada profissional, n\u00e3o ser\u00e3o submetidos a interesses menores. Quando essa autonomia \u00e9 minada, perdem todos aqueles que contam com uma sociedade justa, equilibrada e, acima de tudo, livre de press\u00f5es pol\u00edticas indevidas.<\/p>\n<p>O governador, ao se lan\u00e7ar nesse caminho, pode at\u00e9 obter ganhos imediatos, uma vez que, indiretamente, estar\u00e1 mandando onde j\u00e1 mandou. Contudo, o pre\u00e7o que paga \u00e9 alto: a corros\u00e3o moral de suas a\u00e7\u00f5es reverbera, enfraquecendo n\u00e3o apenas uma OAB que deveria ser independente, mas tamb\u00e9m a confian\u00e7a da sociedade na integridade de suas institui\u00e7\u00f5es. E, no fim das contas, essa \u00e9 uma perda que ningu\u00e9m deveria estar disposto a suportar.<\/p>\n<p>O n\u00famero de locomotivas que arrastar\u00e1 o trem da alegria para a festa do lan\u00e7amento da candidatura de Cleber Lopes, servir\u00e1 de term\u00f4metro para os passos que vierem pela frente. Um deles \u00e9 uma eventual impugna\u00e7\u00e3o de chapa, por campanha eleitoral antecipada e abuso expl\u00edcito de poder. Se n\u00e3o econ\u00f4mico, com certeza, pol\u00edtico.<\/p>\n","protected":false},"excerpt":{"rendered":"<p>Imagine um campo de batalha onde as for\u00e7as em disputa s\u00e3o as ideias e os valores. De um lado, a independ\u00eancia, a autonomia; do outro, a for\u00e7a do poder pol\u00edtico, pronto para intervir. A cena que se desenha \u00e9 a disputa pela dire\u00e7\u00e3o da OAB-DF, entidade representativa de profissionais do campo do Direito. Uma classe [&hellip;]<\/p>\n","protected":false},"author":2,"featured_media":339089,"comment_status":"closed","ping_status":"closed","sticky":false,"template":"","format":"standard","meta":{"_acf_changed":false,"footnotes":""},"categories":[161],"tags":[],"class_list":["post-339088","post","type-post","status-publish","format-standard","has-post-thumbnail","hentry","category-quadradinho-em-foco"],"acf":[],"_links":{"self":[{"href":"https:\/\/www.notibras.com\/site\/wp-json\/wp\/v2\/posts\/339088","targetHints":{"allow":["GET"]}}],"collection":[{"href":"https:\/\/www.notibras.com\/site\/wp-json\/wp\/v2\/posts"}],"about":[{"href":"https:\/\/www.notibras.com\/site\/wp-json\/wp\/v2\/types\/post"}],"author":[{"embeddable":true,"href":"https:\/\/www.notibras.com\/site\/wp-json\/wp\/v2\/users\/2"}],"replies":[{"embeddable":true,"href":"https:\/\/www.notibras.com\/site\/wp-json\/wp\/v2\/comments?post=339088"}],"version-history":[{"count":1,"href":"https:\/\/www.notibras.com\/site\/wp-json\/wp\/v2\/posts\/339088\/revisions"}],"predecessor-version":[{"id":339090,"href":"https:\/\/www.notibras.com\/site\/wp-json\/wp\/v2\/posts\/339088\/revisions\/339090"}],"wp:featuredmedia":[{"embeddable":true,"href":"https:\/\/www.notibras.com\/site\/wp-json\/wp\/v2\/media\/339089"}],"wp:attachment":[{"href":"https:\/\/www.notibras.com\/site\/wp-json\/wp\/v2\/media?parent=339088"}],"wp:term":[{"taxonomy":"category","embeddable":true,"href":"https:\/\/www.notibras.com\/site\/wp-json\/wp\/v2\/categories?post=339088"},{"taxonomy":"post_tag","embeddable":true,"href":"https:\/\/www.notibras.com\/site\/wp-json\/wp\/v2\/tags?post=339088"}],"curies":[{"name":"wp","href":"https:\/\/api.w.org\/{rel}","templated":true}]}}