{"id":339097,"date":"2024-10-21T00:00:48","date_gmt":"2024-10-21T03:00:48","guid":{"rendered":"https:\/\/www.notibras.com\/site\/?p=339097"},"modified":"2024-10-21T07:26:42","modified_gmt":"2024-10-21T10:26:42","slug":"tres-escolas-de-goias-sao-investigadas-por-surto-de-h1n1","status":"publish","type":"post","link":"https:\/\/www.notibras.com\/site\/tres-escolas-de-goias-sao-investigadas-por-surto-de-h1n1\/","title":{"rendered":"Tr\u00eas escolas de Goi\u00e1s s\u00e3o investigadas por surto de H1N1"},"content":{"rendered":"<p>Tr\u00eas escolas de Goi\u00e1s est\u00e3o sob investiga\u00e7\u00e3o por um surto de gripe do tipo H1N1 que matou dois estudantes. Duas escolas ficam em Goi\u00e2nia, e uma em Aparecida de Goi\u00e1s, pr\u00f3xima \u00e0 capital.<\/p>\n<p>A Secretaria Estadual de Sa\u00fade criou uma sala de situa\u00e7\u00e3o para acompanhar diariamente os registros da doen\u00e7a. O governo estadual tamb\u00e9m faz uma campanha para que as escolas informem \u00e0 secretaria sempre que houver mais de tr\u00eas ocorr\u00eancias.<\/p>\n<p>As duas mortes registradas s\u00e3o de uma adolescente de 12 anos, em uma escola de Goi\u00e2nia, no \u00faltimo domingo (13), e de um menino de 5 anos, em um col\u00e9gio de Aparecida de Goi\u00e2nia, na \u00faltima ter\u00e7a-feira (15).<\/p>\n<p>Desde o in\u00edcio do ano, Goi\u00e1s registrou 6.044 casos de S\u00edndrome Respirat\u00f3ria Aguda Grave, com mais de 500 mortes. Desse total, 241 casos s\u00e3o de H1N1, com alta de 65% em rela\u00e7\u00e3o aos 145 casos registrados em todo o ano de 2023. O estado registrou 47 mortes por H1N1, contra 29 mortes registradas em todo o ano passado.<\/p>\n<p>A Secretaria Estadual de Sa\u00fade alerta para a manuten\u00e7\u00e3o da vacina\u00e7\u00e3o, principalmente de grupos priorit\u00e1rios: crian\u00e7as, idosos, gestantes, mulheres que deram \u00e0 luz nos \u00faltimos 45 dias e imunodeprimidos.<\/p>\n<p>O governo estadual notificar\u00e1 a Secretaria Municipal de Sa\u00fade de Goi\u00e2nia para reabrir cerca de 20 salas de vacina\u00e7\u00e3o fechadas neste ano por falta de profissionais na capital do estado.<\/p>\n<p>A secretaria tamb\u00e9m recomenda o afastamento imediato das crian\u00e7as e dos professores com sintomas gripais, para interromper a transmiss\u00e3o.<\/p>\n<p>O governo estadual atualizar\u00e1 uma nota t\u00e9cnica emitida no primeiro semestre sobre os cuidados necess\u00e1rios.<\/p>\n<p>As principais formas de preven\u00e7\u00e3o \u00e0 doen\u00e7a, destaca a Secretaria Estadual de Sa\u00fade, s\u00e3o a higiene das m\u00e3os, o uso de m\u00e1scara e o isolamento em caso de sintomas.<\/p>\n<p>Em rela\u00e7\u00e3o \u00e0s m\u00e1scaras, o estado recomenda o uso, sem impor a obrigatoriedade, por enquanto.<\/p>\n","protected":false},"excerpt":{"rendered":"<p>Tr\u00eas escolas de Goi\u00e1s est\u00e3o sob investiga\u00e7\u00e3o por um surto de gripe do tipo H1N1 que matou dois estudantes. Duas escolas ficam em Goi\u00e2nia, e uma em Aparecida de Goi\u00e1s, pr\u00f3xima \u00e0 capital. A Secretaria Estadual de Sa\u00fade criou uma sala de situa\u00e7\u00e3o para acompanhar diariamente os registros da doen\u00e7a. O governo estadual tamb\u00e9m faz [&hellip;]<\/p>\n","protected":false},"author":2,"featured_media":332090,"comment_status":"closed","ping_status":"closed","sticky":false,"template":"","format":"standard","meta":{"_acf_changed":false,"footnotes":""},"categories":[161],"tags":[],"class_list":["post-339097","post","type-post","status-publish","format-standard","has-post-thumbnail","hentry","category-quadradinho-em-foco"],"acf":[],"_links":{"self":[{"href":"https:\/\/www.notibras.com\/site\/wp-json\/wp\/v2\/posts\/339097","targetHints":{"allow":["GET"]}}],"collection":[{"href":"https:\/\/www.notibras.com\/site\/wp-json\/wp\/v2\/posts"}],"about":[{"href":"https:\/\/www.notibras.com\/site\/wp-json\/wp\/v2\/types\/post"}],"author":[{"embeddable":true,"href":"https:\/\/www.notibras.com\/site\/wp-json\/wp\/v2\/users\/2"}],"replies":[{"embeddable":true,"href":"https:\/\/www.notibras.com\/site\/wp-json\/wp\/v2\/comments?post=339097"}],"version-history":[{"count":1,"href":"https:\/\/www.notibras.com\/site\/wp-json\/wp\/v2\/posts\/339097\/revisions"}],"predecessor-version":[{"id":339098,"href":"https:\/\/www.notibras.com\/site\/wp-json\/wp\/v2\/posts\/339097\/revisions\/339098"}],"wp:featuredmedia":[{"embeddable":true,"href":"https:\/\/www.notibras.com\/site\/wp-json\/wp\/v2\/media\/332090"}],"wp:attachment":[{"href":"https:\/\/www.notibras.com\/site\/wp-json\/wp\/v2\/media?parent=339097"}],"wp:term":[{"taxonomy":"category","embeddable":true,"href":"https:\/\/www.notibras.com\/site\/wp-json\/wp\/v2\/categories?post=339097"},{"taxonomy":"post_tag","embeddable":true,"href":"https:\/\/www.notibras.com\/site\/wp-json\/wp\/v2\/tags?post=339097"}],"curies":[{"name":"wp","href":"https:\/\/api.w.org\/{rel}","templated":true}]}}