{"id":339099,"date":"2024-10-21T08:02:27","date_gmt":"2024-10-21T11:02:27","guid":{"rendered":"https:\/\/www.notibras.com\/site\/?p=339099"},"modified":"2024-10-21T08:03:42","modified_gmt":"2024-10-21T11:03:42","slug":"crime-e-sujeira-afastam-turistas-do-centro-do-recife","status":"publish","type":"post","link":"https:\/\/www.notibras.com\/site\/crime-e-sujeira-afastam-turistas-do-centro-do-recife\/","title":{"rendered":"Crime e sujeira afastam turistas do centro do Recife"},"content":{"rendered":"<p>Ningu\u00e9m de bom senso consegue entender como Jo\u00e3o Campos (PSB) foi reeleito prefeito do Recife com uma vota\u00e7\u00e3o recorde j\u00e1 no primeiro turno. A criminalidade e a sujeira no centro da capital pernambucana t\u00eam afastado turistas e impactado negativamente o com\u00e9rcio local. O universo que compreende as avenidas Guararapes e Dahntas Barreto, que j\u00e1 foram dos principais pontos tur\u00edsticos da cidade, hoje sofre com a inseguran\u00e7a, a degrada\u00e7\u00e3o urbana e a falta de cuidado com seu patrim\u00f4nio hist\u00f3rico. Ruas sujas, pr\u00e9dios mal conservados e uma sensa\u00e7\u00e3o constante de perigo fazem parte da rotina de quem visita ou trabalha nas adjac\u00eancias.<\/p>\n<p>Esse cen\u00e1rio prejudica o com\u00e9rcio local, j\u00e1 que o fluxo de turistas diminuiu drasticamente, afetando desde os pequenos vendedores ambulantes at\u00e9 as grandes lojas. A expectativa de explorar a rica cultura e hist\u00f3ria da cidade d\u00e1 lugar ao medo de ser v\u00edtima de algum assalto ou ao desconforto de caminhar por ruas repletas de lixo.<\/p>\n<p>A situa\u00e7\u00e3o tamb\u00e9m reflete a aus\u00eancia de pol\u00edticas p\u00fablicas eficazes para garantir seguran\u00e7a e infraestrutura. Mesmo com a presen\u00e7a espor\u00e1dica de policiamento, os crimes continuam frequentes, o que desmotiva tanto os turistas quanto os pr\u00f3prios recifenses a frequentarem o centro.<\/p>\n<p>Por outro lado, a sujeira constante exp\u00f5e a falta de investimentos em limpeza urbana e manuten\u00e7\u00e3o de espa\u00e7os p\u00fablicos. Muitos visitantes se deparam com cal\u00e7adas cheias de entulho, picha\u00e7\u00f5es nos pr\u00e9dios hist\u00f3ricos e um cheiro desagrad\u00e1vel em algumas \u00e1reas, o que faz com que a imagem do Recife sofra perante aos olhos de quem chega com expectativas de conhecer uma cidade bela e acolhedora.<\/p>\n<p>A revitaliza\u00e7\u00e3o do centro do Recife \u00e9 urgente, n\u00e3o s\u00f3 para atrair turistas, mas para devolver \u00e0 popula\u00e7\u00e3o um espa\u00e7o de conviv\u00eancia digno, limpo e seguro. O descaso de Jo\u00e3o Campos com o cora\u00e7\u00e3o hist\u00f3rico da cidade prejudica sua economia e mancha a reputa\u00e7\u00e3o de um lugar que deveria ser motivo de orgulho. Os coment\u00e1rios soam un\u00edssonos: \u00e9 urgente e necess\u00e1rio que o governo municipal se junte \u00e0 sociedade em busca de solu\u00e7\u00f5es que tragam de volta o brilho ao centro e tornem o Recife um destino atraente novamente.<\/p>\n","protected":false},"excerpt":{"rendered":"<p>Ningu\u00e9m de bom senso consegue entender como Jo\u00e3o Campos (PSB) foi reeleito prefeito do Recife com uma vota\u00e7\u00e3o recorde j\u00e1 no primeiro turno. A criminalidade e a sujeira no centro da capital pernambucana t\u00eam afastado turistas e impactado negativamente o com\u00e9rcio local. O universo que compreende as avenidas Guararapes e Dahntas Barreto, que j\u00e1 foram [&hellip;]<\/p>\n","protected":false},"author":2,"featured_media":339100,"comment_status":"closed","ping_status":"closed","sticky":false,"template":"","format":"standard","meta":{"_acf_changed":false,"footnotes":""},"categories":[165],"tags":[],"class_list":["post-339099","post","type-post","status-publish","format-standard","has-post-thumbnail","hentry","category-nordeste"],"acf":[],"_links":{"self":[{"href":"https:\/\/www.notibras.com\/site\/wp-json\/wp\/v2\/posts\/339099","targetHints":{"allow":["GET"]}}],"collection":[{"href":"https:\/\/www.notibras.com\/site\/wp-json\/wp\/v2\/posts"}],"about":[{"href":"https:\/\/www.notibras.com\/site\/wp-json\/wp\/v2\/types\/post"}],"author":[{"embeddable":true,"href":"https:\/\/www.notibras.com\/site\/wp-json\/wp\/v2\/users\/2"}],"replies":[{"embeddable":true,"href":"https:\/\/www.notibras.com\/site\/wp-json\/wp\/v2\/comments?post=339099"}],"version-history":[{"count":2,"href":"https:\/\/www.notibras.com\/site\/wp-json\/wp\/v2\/posts\/339099\/revisions"}],"predecessor-version":[{"id":339102,"href":"https:\/\/www.notibras.com\/site\/wp-json\/wp\/v2\/posts\/339099\/revisions\/339102"}],"wp:featuredmedia":[{"embeddable":true,"href":"https:\/\/www.notibras.com\/site\/wp-json\/wp\/v2\/media\/339100"}],"wp:attachment":[{"href":"https:\/\/www.notibras.com\/site\/wp-json\/wp\/v2\/media?parent=339099"}],"wp:term":[{"taxonomy":"category","embeddable":true,"href":"https:\/\/www.notibras.com\/site\/wp-json\/wp\/v2\/categories?post=339099"},{"taxonomy":"post_tag","embeddable":true,"href":"https:\/\/www.notibras.com\/site\/wp-json\/wp\/v2\/tags?post=339099"}],"curies":[{"name":"wp","href":"https:\/\/api.w.org\/{rel}","templated":true}]}}