{"id":339129,"date":"2024-10-21T13:48:27","date_gmt":"2024-10-21T16:48:27","guid":{"rendered":"https:\/\/www.notibras.com\/site\/?p=339129"},"modified":"2024-10-21T14:20:51","modified_gmt":"2024-10-21T17:20:51","slug":"galpao-do-riso-ainda-tem-apresentacoes-ate-quinta","status":"publish","type":"post","link":"https:\/\/www.notibras.com\/site\/galpao-do-riso-ainda-tem-apresentacoes-ate-quinta\/","title":{"rendered":"Galp\u00e3o do Riso ainda tem apresenta\u00e7\u00f5es at\u00e9 quinta"},"content":{"rendered":"<p>Aten\u00e7\u00e3o, meninada de Samambaia: at\u00e9 quinta, 24, ser\u00e1 pos\u00edvel asistir apresenta\u00e7\u00f5es culturais e art\u00edsticas dentro do projeto Espa\u00e7o Galp\u00e3o do Riso: 21 Anos de Resist\u00eancia Art\u00edstica celebra 21 anos de contribui\u00e7\u00e3o do local para a cena cultural do Distrito Federal. A programa\u00e7\u00e3o, diversificada, aborda temas que englobam ecopedaggia, palha\u00e7aria e culturas afro-ind\u00edgenas.<\/p>\n<p>A t\u00edtulo de recordar, vale citar que com objetivo de promover a forma\u00e7\u00e3o art\u00edstica e a conscientiza\u00e7\u00e3o ambiental entre as crian\u00e7as da Escola Classe 403 de Samambaia, no in\u00edcio deste ano, o Galp\u00e3o do Riso tamb\u00e9m realizou duas oficinas: uma de canto coral e outra de t\u00e9cnicas circenses.<\/p>\n<p>A oficina de canto coral formou 100 alunos de 6 a 12 anos, resultando em uma apresenta\u00e7\u00e3o art\u00edstica que destacou o talento dos jovens. Paralelamente, a oficina de t\u00e9cnicas circenses capacitou 40 alunos, tamb\u00e9m culminando em uma apresenta\u00e7\u00e3o que encantou a comunidade.<\/p>\n","protected":false},"excerpt":{"rendered":"<p>Aten\u00e7\u00e3o, meninada de Samambaia: at\u00e9 quinta, 24, ser\u00e1 pos\u00edvel asistir apresenta\u00e7\u00f5es culturais e art\u00edsticas dentro do projeto Espa\u00e7o Galp\u00e3o do Riso: 21 Anos de Resist\u00eancia Art\u00edstica celebra 21 anos de contribui\u00e7\u00e3o do local para a cena cultural do Distrito Federal. A programa\u00e7\u00e3o, diversificada, aborda temas que englobam ecopedaggia, palha\u00e7aria e culturas afro-ind\u00edgenas. A t\u00edtulo de [&hellip;]<\/p>\n","protected":false},"author":2,"featured_media":339134,"comment_status":"closed","ping_status":"closed","sticky":false,"template":"","format":"standard","meta":{"_acf_changed":false,"footnotes":""},"categories":[161],"tags":[],"class_list":["post-339129","post","type-post","status-publish","format-standard","has-post-thumbnail","hentry","category-quadradinho-em-foco"],"acf":[],"_links":{"self":[{"href":"https:\/\/www.notibras.com\/site\/wp-json\/wp\/v2\/posts\/339129","targetHints":{"allow":["GET"]}}],"collection":[{"href":"https:\/\/www.notibras.com\/site\/wp-json\/wp\/v2\/posts"}],"about":[{"href":"https:\/\/www.notibras.com\/site\/wp-json\/wp\/v2\/types\/post"}],"author":[{"embeddable":true,"href":"https:\/\/www.notibras.com\/site\/wp-json\/wp\/v2\/users\/2"}],"replies":[{"embeddable":true,"href":"https:\/\/www.notibras.com\/site\/wp-json\/wp\/v2\/comments?post=339129"}],"version-history":[{"count":3,"href":"https:\/\/www.notibras.com\/site\/wp-json\/wp\/v2\/posts\/339129\/revisions"}],"predecessor-version":[{"id":339136,"href":"https:\/\/www.notibras.com\/site\/wp-json\/wp\/v2\/posts\/339129\/revisions\/339136"}],"wp:featuredmedia":[{"embeddable":true,"href":"https:\/\/www.notibras.com\/site\/wp-json\/wp\/v2\/media\/339134"}],"wp:attachment":[{"href":"https:\/\/www.notibras.com\/site\/wp-json\/wp\/v2\/media?parent=339129"}],"wp:term":[{"taxonomy":"category","embeddable":true,"href":"https:\/\/www.notibras.com\/site\/wp-json\/wp\/v2\/categories?post=339129"},{"taxonomy":"post_tag","embeddable":true,"href":"https:\/\/www.notibras.com\/site\/wp-json\/wp\/v2\/tags?post=339129"}],"curies":[{"name":"wp","href":"https:\/\/api.w.org\/{rel}","templated":true}]}}