{"id":33916,"date":"2015-01-13T13:05:16","date_gmt":"2015-01-13T16:05:16","guid":{"rendered":"http:\/\/www.notibras.com\/site\/?p=33916"},"modified":"2015-01-14T15:23:28","modified_gmt":"2015-01-14T18:23:28","slug":"como-evitar-o-bullying-e-outras-aberracoes-no-ambiente-de-trabalho","status":"publish","type":"post","link":"https:\/\/www.notibras.com\/site\/como-evitar-o-bullying-e-outras-aberracoes-no-ambiente-de-trabalho\/","title":{"rendered":"Como evitar o bullying e outras aberra\u00e7\u00f5es no trabalho"},"content":{"rendered":"<p>O bullying no ambiente de trabalho, ou ass\u00e9dio moral, \u00e9 um mal que afeta milhares de pessoas mundo afora. Mesmo com casos sendo periodicamente noticiados pela imprensa, ainda existem dificuldades de prevenir e combater essa doen\u00e7a social. Essa a\u00e7\u00e3o ocorre quando uma pessoa ou grupo agride repetidamente um indiv\u00edduo em seu ambiente de trabalho, podendo ser essa agress\u00e3o verbal, f\u00edsica ou psicol\u00f3gica.<\/p>\n<p>O instituto Norberto Bobbio e a consultoria Plano CDE divulgaram uma pesquisa realizada junto a 800 trabalhadores do Rio de Janeiro e S\u00e3o Paulo, segundo a qual, 31% dos entrevistados disseram ter sofrido viola\u00e7\u00f5es graves de seus direitos no trabalho nos \u00faltimos dez anos. Ainda, 11% dos entrevistados disseram que suas empresas possuem casos de preconceito contra negros, homossexuais, idosos ou mulheres, sendo que 7% afirmaram j\u00e1 terem sido v\u00edtimas diretas destas pr\u00e1ticas.<\/p>\n<blockquote><p>Para as empresas, o bullying traz n\u00e3o s\u00f3 uma queda no desempenho do funcion\u00e1rio, mas preju\u00edzo que se traduz em custos. Quando o ass\u00e9dio \u00e9 comprovado por testemunhas, os tribunais trabalhistas levam os empregadores a pagarem enormes indeniza\u00e7\u00f5es a v\u00edtima.<\/p><\/blockquote>\n<p>Por essa raz\u00e3o, \u00e9 muito importante que o RH esteja atento ao dia-a-dia dos colaboradores da empresa para impedir que o ass\u00e9dio ocorra, al\u00e9m \u00e9 claro, de prevenir a a\u00e7\u00e3o. Essa preven\u00e7\u00e3o pode ser feita com a realiza\u00e7\u00e3o de palestras que informem a caracter\u00edstica do bullying e suas consequ\u00eancias aos trabalhadores, e com a\u00e7\u00f5es internas que promovam um melhor relacionamento entre os funcion\u00e1rios e que combatam o preconceito de ra\u00e7a, credo, sexualidade, etc.<\/p>\n<p>Um ambiente de trabalho sadio e agrad\u00e1vel \u00e9 vantajoso a todos os envolvidos: os empregados n\u00e3o sofrem danos, diminuem os riscos de indeniza\u00e7\u00f5es trabalhistas e faz crescer o rendimento e a qualidade da equipe.<\/p>\n<p><strong>Lisete Caetano, Gerente regional da rede de supermercados Comper Bras\u00edlia\/Goi\u00e1s<\/strong><\/p>\n","protected":false},"excerpt":{"rendered":"<p>O bullying no ambiente de trabalho, ou ass\u00e9dio moral, \u00e9 um mal que afeta milhares de pessoas mundo afora. Mesmo com casos sendo periodicamente noticiados pela imprensa, ainda existem dificuldades de prevenir e combater essa doen\u00e7a social. Essa a\u00e7\u00e3o ocorre quando uma pessoa ou grupo agride repetidamente um indiv\u00edduo em seu ambiente de trabalho, podendo [&hellip;]<\/p>\n","protected":false},"author":2,"featured_media":33917,"comment_status":"open","ping_status":"closed","sticky":false,"template":"","format":"standard","meta":{"_acf_changed":false,"footnotes":""},"categories":[25],"tags":[],"class_list":["post-33916","post","type-post","status-publish","format-standard","has-post-thumbnail","hentry","category-opina-ai"],"acf":[],"yoast_head":"<!-- This site is optimized with the Yoast SEO plugin v27.2 - https:\/\/yoast.com\/product\/yoast-seo-wordpress\/ -->\n<title>Como evitar o bullying e outras aberra\u00e7\u00f5es no trabalho - Notibras<\/title>\n<meta name=\"robots\" content=\"index, follow, max-snippet:-1, max-image-preview:large, max-video-preview:-1\" \/>\n<link rel=\"canonical\" href=\"https:\/\/www.notibras.com\/site\/como-evitar-o-bullying-e-outras-aberracoes-no-ambiente-de-trabalho\/\" \/>\n<meta property=\"og:locale\" content=\"pt_BR\" \/>\n<meta property=\"og:type\" content=\"article\" \/>\n<meta property=\"og:title\" content=\"Como evitar o bullying e outras aberra\u00e7\u00f5es no trabalho - Notibras\" \/>\n<meta property=\"og:description\" content=\"O bullying no ambiente de trabalho, ou ass\u00e9dio moral, \u00e9 um mal que afeta milhares de pessoas mundo afora. Mesmo com casos sendo periodicamente noticiados pela imprensa, ainda existem dificuldades de prevenir e combater essa doen\u00e7a social. Essa a\u00e7\u00e3o ocorre quando uma pessoa ou grupo agride repetidamente um indiv\u00edduo em seu ambiente de trabalho, podendo [&hellip;]\" \/>\n<meta property=\"og:url\" content=\"https:\/\/www.notibras.com\/site\/como-evitar-o-bullying-e-outras-aberracoes-no-ambiente-de-trabalho\/\" \/>\n<meta property=\"og:site_name\" content=\"Notibras\" \/>\n<meta property=\"article:publisher\" content=\"https:\/\/www.facebook.com\/notibras\/\" \/>\n<meta property=\"article:published_time\" content=\"2015-01-13T16:05:16+00:00\" \/>\n<meta property=\"article:modified_time\" content=\"2015-01-14T18:23:28+00:00\" \/>\n<meta property=\"og:image\" content=\"https:\/\/www.notibras.com\/site\/wp-content\/uploads\/2015\/01\/bullying.jpg\" \/>\n\t<meta property=\"og:image:width\" content=\"900\" \/>\n\t<meta property=\"og:image:height\" content=\"600\" \/>\n\t<meta property=\"og:image:type\" content=\"image\/jpeg\" \/>\n<meta name=\"author\" content=\"Reda\u00e7\u00e3o\" \/>\n<meta name=\"twitter:card\" content=\"summary_large_image\" \/>\n<meta name=\"twitter:creator\" content=\"@Notibras\" \/>\n<meta name=\"twitter:site\" content=\"@Notibras\" \/>\n<meta name=\"twitter:label1\" content=\"Escrito por\" \/>\n\t<meta name=\"twitter:data1\" content=\"Reda\u00e7\u00e3o\" \/>\n\t<meta name=\"twitter:label2\" content=\"Est. tempo de leitura\" \/>\n\t<meta name=\"twitter:data2\" content=\"2 minutos\" \/>\n<script type=\"application\/ld+json\" class=\"yoast-schema-graph\">{\"@context\":\"https:\/\/schema.org\",\"@graph\":[{\"@type\":\"Article\",\"@id\":\"https:\/\/www.notibras.com\/site\/como-evitar-o-bullying-e-outras-aberracoes-no-ambiente-de-trabalho\/#article\",\"isPartOf\":{\"@id\":\"https:\/\/www.notibras.com\/site\/como-evitar-o-bullying-e-outras-aberracoes-no-ambiente-de-trabalho\/\"},\"author\":{\"name\":\"Reda\u00e7\u00e3o\",\"@id\":\"https:\/\/www.notibras.com\/site\/#\/schema\/person\/36ab0979449956132d3e5b517ea76ac8\"},\"headline\":\"Como evitar o bullying e outras aberra\u00e7\u00f5es no trabalho\",\"datePublished\":\"2015-01-13T16:05:16+00:00\",\"dateModified\":\"2015-01-14T18:23:28+00:00\",\"mainEntityOfPage\":{\"@id\":\"https:\/\/www.notibras.com\/site\/como-evitar-o-bullying-e-outras-aberracoes-no-ambiente-de-trabalho\/\"},\"wordCount\":327,\"commentCount\":0,\"publisher\":{\"@id\":\"https:\/\/www.notibras.com\/site\/#organization\"},\"image\":{\"@id\":\"https:\/\/www.notibras.com\/site\/como-evitar-o-bullying-e-outras-aberracoes-no-ambiente-de-trabalho\/#primaryimage\"},\"thumbnailUrl\":\"https:\/\/www.notibras.com\/site\/wp-content\/uploads\/2015\/01\/bullying.jpg\",\"articleSection\":[\"Opina a\u00ed\"],\"inLanguage\":\"pt-BR\",\"potentialAction\":[{\"@type\":\"CommentAction\",\"name\":\"Comment\",\"target\":[\"https:\/\/www.notibras.com\/site\/como-evitar-o-bullying-e-outras-aberracoes-no-ambiente-de-trabalho\/#respond\"]}]},{\"@type\":\"WebPage\",\"@id\":\"https:\/\/www.notibras.com\/site\/como-evitar-o-bullying-e-outras-aberracoes-no-ambiente-de-trabalho\/\",\"url\":\"https:\/\/www.notibras.com\/site\/como-evitar-o-bullying-e-outras-aberracoes-no-ambiente-de-trabalho\/\",\"name\":\"Como evitar o bullying e outras aberra\u00e7\u00f5es no trabalho - Notibras\",\"isPartOf\":{\"@id\":\"https:\/\/www.notibras.com\/site\/#website\"},\"primaryImageOfPage\":{\"@id\":\"https:\/\/www.notibras.com\/site\/como-evitar-o-bullying-e-outras-aberracoes-no-ambiente-de-trabalho\/#primaryimage\"},\"image\":{\"@id\":\"https:\/\/www.notibras.com\/site\/como-evitar-o-bullying-e-outras-aberracoes-no-ambiente-de-trabalho\/#primaryimage\"},\"thumbnailUrl\":\"https:\/\/www.notibras.com\/site\/wp-content\/uploads\/2015\/01\/bullying.jpg\",\"datePublished\":\"2015-01-13T16:05:16+00:00\",\"dateModified\":\"2015-01-14T18:23:28+00:00\",\"breadcrumb\":{\"@id\":\"https:\/\/www.notibras.com\/site\/como-evitar-o-bullying-e-outras-aberracoes-no-ambiente-de-trabalho\/#breadcrumb\"},\"inLanguage\":\"pt-BR\",\"potentialAction\":[{\"@type\":\"ReadAction\",\"target\":[\"https:\/\/www.notibras.com\/site\/como-evitar-o-bullying-e-outras-aberracoes-no-ambiente-de-trabalho\/\"]}]},{\"@type\":\"ImageObject\",\"inLanguage\":\"pt-BR\",\"@id\":\"https:\/\/www.notibras.com\/site\/como-evitar-o-bullying-e-outras-aberracoes-no-ambiente-de-trabalho\/#primaryimage\",\"url\":\"https:\/\/www.notibras.com\/site\/wp-content\/uploads\/2015\/01\/bullying.jpg\",\"contentUrl\":\"https:\/\/www.notibras.com\/site\/wp-content\/uploads\/2015\/01\/bullying.jpg\",\"width\":900,\"height\":600},{\"@type\":\"BreadcrumbList\",\"@id\":\"https:\/\/www.notibras.com\/site\/como-evitar-o-bullying-e-outras-aberracoes-no-ambiente-de-trabalho\/#breadcrumb\",\"itemListElement\":[{\"@type\":\"ListItem\",\"position\":1,\"name\":\"In\u00edcio\",\"item\":\"https:\/\/www.notibras.com\/site\/\"},{\"@type\":\"ListItem\",\"position\":2,\"name\":\"Como evitar o bullying e outras aberra\u00e7\u00f5es no trabalho\"}]},{\"@type\":\"WebSite\",\"@id\":\"https:\/\/www.notibras.com\/site\/#website\",\"url\":\"https:\/\/www.notibras.com\/site\/\",\"name\":\"Notibras\",\"description\":\"Not\u00edcias de Bras\u00edlia, do Brasil e do Mundo\",\"publisher\":{\"@id\":\"https:\/\/www.notibras.com\/site\/#organization\"},\"potentialAction\":[{\"@type\":\"SearchAction\",\"target\":{\"@type\":\"EntryPoint\",\"urlTemplate\":\"https:\/\/www.notibras.com\/site\/?s={search_term_string}\"},\"query-input\":{\"@type\":\"PropertyValueSpecification\",\"valueRequired\":true,\"valueName\":\"search_term_string\"}}],\"inLanguage\":\"pt-BR\"},{\"@type\":\"Organization\",\"@id\":\"https:\/\/www.notibras.com\/site\/#organization\",\"name\":\"Grupo Notibras de Comunica\u00e7\u00e3o\",\"url\":\"https:\/\/www.notibras.com\/site\/\",\"logo\":{\"@type\":\"ImageObject\",\"inLanguage\":\"pt-BR\",\"@id\":\"https:\/\/www.notibras.com\/site\/#\/schema\/logo\/image\/\",\"url\":\"https:\/\/www.notibras.com\/site\/wp-content\/uploads\/2023\/01\/notibras23.png\",\"contentUrl\":\"https:\/\/www.notibras.com\/site\/wp-content\/uploads\/2023\/01\/notibras23.png\",\"width\":350,\"height\":87,\"caption\":\"Grupo Notibras de Comunica\u00e7\u00e3o\"},\"image\":{\"@id\":\"https:\/\/www.notibras.com\/site\/#\/schema\/logo\/image\/\"},\"sameAs\":[\"https:\/\/www.facebook.com\/notibras\/\",\"https:\/\/x.com\/Notibras\",\"https:\/\/www.instagram.com\/notibras\/\"]},{\"@type\":\"Person\",\"@id\":\"https:\/\/www.notibras.com\/site\/#\/schema\/person\/36ab0979449956132d3e5b517ea76ac8\",\"name\":\"Reda\u00e7\u00e3o\",\"image\":{\"@type\":\"ImageObject\",\"inLanguage\":\"pt-BR\",\"@id\":\"https:\/\/secure.gravatar.com\/avatar\/e0a867bdedb85fd243eadf09663511f96fc81e0720a4a42581f334ad4303aa6b?s=96&d=mm&r=g\",\"url\":\"https:\/\/secure.gravatar.com\/avatar\/e0a867bdedb85fd243eadf09663511f96fc81e0720a4a42581f334ad4303aa6b?s=96&d=mm&r=g\",\"contentUrl\":\"https:\/\/secure.gravatar.com\/avatar\/e0a867bdedb85fd243eadf09663511f96fc81e0720a4a42581f334ad4303aa6b?s=96&d=mm&r=g\",\"caption\":\"Reda\u00e7\u00e3o\"}}]}<\/script>\n<!-- \/ Yoast SEO plugin. -->","yoast_head_json":{"title":"Como evitar o bullying e outras aberra\u00e7\u00f5es no trabalho - Notibras","robots":{"index":"index","follow":"follow","max-snippet":"max-snippet:-1","max-image-preview":"max-image-preview:large","max-video-preview":"max-video-preview:-1"},"canonical":"https:\/\/www.notibras.com\/site\/como-evitar-o-bullying-e-outras-aberracoes-no-ambiente-de-trabalho\/","og_locale":"pt_BR","og_type":"article","og_title":"Como evitar o bullying e outras aberra\u00e7\u00f5es no trabalho - Notibras","og_description":"O bullying no ambiente de trabalho, ou ass\u00e9dio moral, \u00e9 um mal que afeta milhares de pessoas mundo afora. Mesmo com casos sendo periodicamente noticiados pela imprensa, ainda existem dificuldades de prevenir e combater essa doen\u00e7a social. Essa a\u00e7\u00e3o ocorre quando uma pessoa ou grupo agride repetidamente um indiv\u00edduo em seu ambiente de trabalho, podendo [&hellip;]","og_url":"https:\/\/www.notibras.com\/site\/como-evitar-o-bullying-e-outras-aberracoes-no-ambiente-de-trabalho\/","og_site_name":"Notibras","article_publisher":"https:\/\/www.facebook.com\/notibras\/","article_published_time":"2015-01-13T16:05:16+00:00","article_modified_time":"2015-01-14T18:23:28+00:00","og_image":[{"width":900,"height":600,"url":"https:\/\/www.notibras.com\/site\/wp-content\/uploads\/2015\/01\/bullying.jpg","type":"image\/jpeg"}],"author":"Reda\u00e7\u00e3o","twitter_card":"summary_large_image","twitter_creator":"@Notibras","twitter_site":"@Notibras","twitter_misc":{"Escrito por":"Reda\u00e7\u00e3o","Est. tempo de leitura":"2 minutos"},"schema":{"@context":"https:\/\/schema.org","@graph":[{"@type":"Article","@id":"https:\/\/www.notibras.com\/site\/como-evitar-o-bullying-e-outras-aberracoes-no-ambiente-de-trabalho\/#article","isPartOf":{"@id":"https:\/\/www.notibras.com\/site\/como-evitar-o-bullying-e-outras-aberracoes-no-ambiente-de-trabalho\/"},"author":{"name":"Reda\u00e7\u00e3o","@id":"https:\/\/www.notibras.com\/site\/#\/schema\/person\/36ab0979449956132d3e5b517ea76ac8"},"headline":"Como evitar o bullying e outras aberra\u00e7\u00f5es no trabalho","datePublished":"2015-01-13T16:05:16+00:00","dateModified":"2015-01-14T18:23:28+00:00","mainEntityOfPage":{"@id":"https:\/\/www.notibras.com\/site\/como-evitar-o-bullying-e-outras-aberracoes-no-ambiente-de-trabalho\/"},"wordCount":327,"commentCount":0,"publisher":{"@id":"https:\/\/www.notibras.com\/site\/#organization"},"image":{"@id":"https:\/\/www.notibras.com\/site\/como-evitar-o-bullying-e-outras-aberracoes-no-ambiente-de-trabalho\/#primaryimage"},"thumbnailUrl":"https:\/\/www.notibras.com\/site\/wp-content\/uploads\/2015\/01\/bullying.jpg","articleSection":["Opina a\u00ed"],"inLanguage":"pt-BR","potentialAction":[{"@type":"CommentAction","name":"Comment","target":["https:\/\/www.notibras.com\/site\/como-evitar-o-bullying-e-outras-aberracoes-no-ambiente-de-trabalho\/#respond"]}]},{"@type":"WebPage","@id":"https:\/\/www.notibras.com\/site\/como-evitar-o-bullying-e-outras-aberracoes-no-ambiente-de-trabalho\/","url":"https:\/\/www.notibras.com\/site\/como-evitar-o-bullying-e-outras-aberracoes-no-ambiente-de-trabalho\/","name":"Como evitar o bullying e outras aberra\u00e7\u00f5es no trabalho - Notibras","isPartOf":{"@id":"https:\/\/www.notibras.com\/site\/#website"},"primaryImageOfPage":{"@id":"https:\/\/www.notibras.com\/site\/como-evitar-o-bullying-e-outras-aberracoes-no-ambiente-de-trabalho\/#primaryimage"},"image":{"@id":"https:\/\/www.notibras.com\/site\/como-evitar-o-bullying-e-outras-aberracoes-no-ambiente-de-trabalho\/#primaryimage"},"thumbnailUrl":"https:\/\/www.notibras.com\/site\/wp-content\/uploads\/2015\/01\/bullying.jpg","datePublished":"2015-01-13T16:05:16+00:00","dateModified":"2015-01-14T18:23:28+00:00","breadcrumb":{"@id":"https:\/\/www.notibras.com\/site\/como-evitar-o-bullying-e-outras-aberracoes-no-ambiente-de-trabalho\/#breadcrumb"},"inLanguage":"pt-BR","potentialAction":[{"@type":"ReadAction","target":["https:\/\/www.notibras.com\/site\/como-evitar-o-bullying-e-outras-aberracoes-no-ambiente-de-trabalho\/"]}]},{"@type":"ImageObject","inLanguage":"pt-BR","@id":"https:\/\/www.notibras.com\/site\/como-evitar-o-bullying-e-outras-aberracoes-no-ambiente-de-trabalho\/#primaryimage","url":"https:\/\/www.notibras.com\/site\/wp-content\/uploads\/2015\/01\/bullying.jpg","contentUrl":"https:\/\/www.notibras.com\/site\/wp-content\/uploads\/2015\/01\/bullying.jpg","width":900,"height":600},{"@type":"BreadcrumbList","@id":"https:\/\/www.notibras.com\/site\/como-evitar-o-bullying-e-outras-aberracoes-no-ambiente-de-trabalho\/#breadcrumb","itemListElement":[{"@type":"ListItem","position":1,"name":"In\u00edcio","item":"https:\/\/www.notibras.com\/site\/"},{"@type":"ListItem","position":2,"name":"Como evitar o bullying e outras aberra\u00e7\u00f5es no trabalho"}]},{"@type":"WebSite","@id":"https:\/\/www.notibras.com\/site\/#website","url":"https:\/\/www.notibras.com\/site\/","name":"Notibras","description":"Not\u00edcias de Bras\u00edlia, do Brasil e do Mundo","publisher":{"@id":"https:\/\/www.notibras.com\/site\/#organization"},"potentialAction":[{"@type":"SearchAction","target":{"@type":"EntryPoint","urlTemplate":"https:\/\/www.notibras.com\/site\/?s={search_term_string}"},"query-input":{"@type":"PropertyValueSpecification","valueRequired":true,"valueName":"search_term_string"}}],"inLanguage":"pt-BR"},{"@type":"Organization","@id":"https:\/\/www.notibras.com\/site\/#organization","name":"Grupo Notibras de Comunica\u00e7\u00e3o","url":"https:\/\/www.notibras.com\/site\/","logo":{"@type":"ImageObject","inLanguage":"pt-BR","@id":"https:\/\/www.notibras.com\/site\/#\/schema\/logo\/image\/","url":"https:\/\/www.notibras.com\/site\/wp-content\/uploads\/2023\/01\/notibras23.png","contentUrl":"https:\/\/www.notibras.com\/site\/wp-content\/uploads\/2023\/01\/notibras23.png","width":350,"height":87,"caption":"Grupo Notibras de Comunica\u00e7\u00e3o"},"image":{"@id":"https:\/\/www.notibras.com\/site\/#\/schema\/logo\/image\/"},"sameAs":["https:\/\/www.facebook.com\/notibras\/","https:\/\/x.com\/Notibras","https:\/\/www.instagram.com\/notibras\/"]},{"@type":"Person","@id":"https:\/\/www.notibras.com\/site\/#\/schema\/person\/36ab0979449956132d3e5b517ea76ac8","name":"Reda\u00e7\u00e3o","image":{"@type":"ImageObject","inLanguage":"pt-BR","@id":"https:\/\/secure.gravatar.com\/avatar\/e0a867bdedb85fd243eadf09663511f96fc81e0720a4a42581f334ad4303aa6b?s=96&d=mm&r=g","url":"https:\/\/secure.gravatar.com\/avatar\/e0a867bdedb85fd243eadf09663511f96fc81e0720a4a42581f334ad4303aa6b?s=96&d=mm&r=g","contentUrl":"https:\/\/secure.gravatar.com\/avatar\/e0a867bdedb85fd243eadf09663511f96fc81e0720a4a42581f334ad4303aa6b?s=96&d=mm&r=g","caption":"Reda\u00e7\u00e3o"}}]}},"amp_enabled":true,"_links":{"self":[{"href":"https:\/\/www.notibras.com\/site\/wp-json\/wp\/v2\/posts\/33916","targetHints":{"allow":["GET"]}}],"collection":[{"href":"https:\/\/www.notibras.com\/site\/wp-json\/wp\/v2\/posts"}],"about":[{"href":"https:\/\/www.notibras.com\/site\/wp-json\/wp\/v2\/types\/post"}],"author":[{"embeddable":true,"href":"https:\/\/www.notibras.com\/site\/wp-json\/wp\/v2\/users\/2"}],"replies":[{"embeddable":true,"href":"https:\/\/www.notibras.com\/site\/wp-json\/wp\/v2\/comments?post=33916"}],"version-history":[{"count":0,"href":"https:\/\/www.notibras.com\/site\/wp-json\/wp\/v2\/posts\/33916\/revisions"}],"wp:featuredmedia":[{"embeddable":true,"href":"https:\/\/www.notibras.com\/site\/wp-json\/wp\/v2\/media\/33917"}],"wp:attachment":[{"href":"https:\/\/www.notibras.com\/site\/wp-json\/wp\/v2\/media?parent=33916"}],"wp:term":[{"taxonomy":"category","embeddable":true,"href":"https:\/\/www.notibras.com\/site\/wp-json\/wp\/v2\/categories?post=33916"},{"taxonomy":"post_tag","embeddable":true,"href":"https:\/\/www.notibras.com\/site\/wp-json\/wp\/v2\/tags?post=33916"}],"curies":[{"name":"wp","href":"https:\/\/api.w.org\/{rel}","templated":true}]}}