{"id":339178,"date":"2024-10-22T00:01:50","date_gmt":"2024-10-22T03:01:50","guid":{"rendered":"https:\/\/www.notibras.com\/site\/?p=339178"},"modified":"2024-10-22T07:21:30","modified_gmt":"2024-10-22T10:21:30","slug":"stf-tem-principio-de-incendio-servidores-sao-retirados-do-predio","status":"publish","type":"post","link":"https:\/\/www.notibras.com\/site\/stf-tem-principio-de-incendio-servidores-sao-retirados-do-predio\/","title":{"rendered":"STF tem princ\u00edpio de inc\u00eandio; servidores s\u00e3o retirados do pr\u00e9dio"},"content":{"rendered":"<p>O pr\u00e9dio do Supremo Tribunal Federal (STF) foi evacuado no in\u00edcio da noite desta segunda-feira (21) ap\u00f3s um princ\u00edpio de inc\u00eandio. N\u00e3o h\u00e1 feridos.<\/p>\n<p>O incidente ocorreu no anexo 2 da Corte, onde est\u00e3o localizados os gabinetes dos ministros e os plen\u00e1rios das turmas do tribunal.<\/p>\n<p>De acordo com informa\u00e7\u00f5es dos servidores que estavam no local e conseguiram deixar o pr\u00e9dio, o princ\u00edpio de inc\u00eandio come\u00e7ou no sistema de ar-condicionado.<\/p>\n<p>Equipes de brigadistas particulares entraram em a\u00e7\u00e3o ap\u00f3s o alarme de inc\u00eandio tocar e evitaram a propaga\u00e7\u00e3o das chamas. Em seguida, o Corpo de Bombeiros chegou e auxiliou no trabalho. A equipe verifica a situa\u00e7\u00e3o no 2\u00ba andar.<\/p>\n<p>Segundo o Corpo de Bombeiros, seis pessoas inalaram fuma\u00e7a e foram atendidas. Agora, os bombeiros fazem o trabalho de retirada da fuma\u00e7a com um ventilador.<\/p>\n<p>A per\u00edcia ir\u00e1 verificar a situa\u00e7\u00e3o do pr\u00e9dio nesta ter\u00e7a-feira (22) para informar se a libera\u00e7\u00e3o do acesso ser\u00e1 poss\u00edvel.<\/p>\n","protected":false},"excerpt":{"rendered":"<p>O pr\u00e9dio do Supremo Tribunal Federal (STF) foi evacuado no in\u00edcio da noite desta segunda-feira (21) ap\u00f3s um princ\u00edpio de inc\u00eandio. N\u00e3o h\u00e1 feridos. O incidente ocorreu no anexo 2 da Corte, onde est\u00e3o localizados os gabinetes dos ministros e os plen\u00e1rios das turmas do tribunal. De acordo com informa\u00e7\u00f5es dos servidores que estavam no [&hellip;]<\/p>\n","protected":false},"author":2,"featured_media":339179,"comment_status":"closed","ping_status":"closed","sticky":false,"template":"","format":"standard","meta":{"_acf_changed":false,"footnotes":""},"categories":[161],"tags":[],"class_list":["post-339178","post","type-post","status-publish","format-standard","has-post-thumbnail","hentry","category-quadradinho-em-foco"],"acf":[],"_links":{"self":[{"href":"https:\/\/www.notibras.com\/site\/wp-json\/wp\/v2\/posts\/339178","targetHints":{"allow":["GET"]}}],"collection":[{"href":"https:\/\/www.notibras.com\/site\/wp-json\/wp\/v2\/posts"}],"about":[{"href":"https:\/\/www.notibras.com\/site\/wp-json\/wp\/v2\/types\/post"}],"author":[{"embeddable":true,"href":"https:\/\/www.notibras.com\/site\/wp-json\/wp\/v2\/users\/2"}],"replies":[{"embeddable":true,"href":"https:\/\/www.notibras.com\/site\/wp-json\/wp\/v2\/comments?post=339178"}],"version-history":[{"count":1,"href":"https:\/\/www.notibras.com\/site\/wp-json\/wp\/v2\/posts\/339178\/revisions"}],"predecessor-version":[{"id":339180,"href":"https:\/\/www.notibras.com\/site\/wp-json\/wp\/v2\/posts\/339178\/revisions\/339180"}],"wp:featuredmedia":[{"embeddable":true,"href":"https:\/\/www.notibras.com\/site\/wp-json\/wp\/v2\/media\/339179"}],"wp:attachment":[{"href":"https:\/\/www.notibras.com\/site\/wp-json\/wp\/v2\/media?parent=339178"}],"wp:term":[{"taxonomy":"category","embeddable":true,"href":"https:\/\/www.notibras.com\/site\/wp-json\/wp\/v2\/categories?post=339178"},{"taxonomy":"post_tag","embeddable":true,"href":"https:\/\/www.notibras.com\/site\/wp-json\/wp\/v2\/tags?post=339178"}],"curies":[{"name":"wp","href":"https:\/\/api.w.org\/{rel}","templated":true}]}}