{"id":339181,"date":"2024-10-22T06:32:01","date_gmt":"2024-10-22T09:32:01","guid":{"rendered":"https:\/\/www.notibras.com\/site\/?p=339181"},"modified":"2024-10-22T07:33:33","modified_gmt":"2024-10-22T10:33:33","slug":"eleitores-nao-podem-ser-presos-a-partir-desta-terca-feira","status":"publish","type":"post","link":"https:\/\/www.notibras.com\/site\/eleitores-nao-podem-ser-presos-a-partir-desta-terca-feira\/","title":{"rendered":"Eleitores n\u00e3o podem ser presos a partir desta ter\u00e7a-feira"},"content":{"rendered":"<p>Os eleitores n\u00e3o poder\u00e3o ser presos a partir desta ter\u00e7a-feira (22). A proibi\u00e7\u00e3o est\u00e1 na legisla\u00e7\u00e3o eleitoral e \u00e9 aplicada cinco dias antes do segundo turno das elei\u00e7\u00f5es, que ser\u00e1 realizado no pr\u00f3ximo domingo (27).<\/p>\n<p>A regra exclui pris\u00f5es em flagrante ou casos de pris\u00f5es determinadas a partir de senten\u00e7a criminal condenat\u00f3ria por crime inafian\u00e7\u00e1vel ou desrespeito a salvo-conduto.<\/p>\n<p>A restri\u00e7\u00e3o seguir\u00e1 v\u00e1lida at\u00e9 29 de outubro, dois dias ap\u00f3s a vota\u00e7\u00e3o.<\/p>\n<p>No pr\u00f3ximo domingo, 33,9 milh\u00f5es de eleitores de 15 capitais e 36 munic\u00edpios voltam \u00e0s urnas para eleger os prefeitos que disputam os cargos. N\u00e3o h\u00e1 segundo turno para a disputa ao cargo de vereador.<\/p>\n<p><strong>Justificativa<\/strong><br \/>\nOs eleitores que n\u00e3o puderem comparecer ao pleito dever\u00e3o fazer a justificativa de aus\u00eancia na vota\u00e7\u00e3o. Assim como ocorreu no primeiro turno, n\u00e3o h\u00e1 possibilidade de voto em tr\u00e2nsito no segundo.<\/p>\n<p>No dia da elei\u00e7\u00e3o, o cidad\u00e3o pode fazer sua justificativa de aus\u00eancia por meio do aplicativo E-t\u00edtulo, da Justi\u00e7a Eleitoral, ou por meio de pontos f\u00edsicos montados pelos tribunais regionais eleitorais (TREs) no dia do pleito.<\/p>\n<p>O app pode ser baixado gratuitamente nas lojas virtuais Apple e Android at\u00e9 s\u00e1bado (26), v\u00e9spera da elei\u00e7\u00e3o.<\/p>\n","protected":false},"excerpt":{"rendered":"<p>Os eleitores n\u00e3o poder\u00e3o ser presos a partir desta ter\u00e7a-feira (22). A proibi\u00e7\u00e3o est\u00e1 na legisla\u00e7\u00e3o eleitoral e \u00e9 aplicada cinco dias antes do segundo turno das elei\u00e7\u00f5es, que ser\u00e1 realizado no pr\u00f3ximo domingo (27). A regra exclui pris\u00f5es em flagrante ou casos de pris\u00f5es determinadas a partir de senten\u00e7a criminal condenat\u00f3ria por crime inafian\u00e7\u00e1vel [&hellip;]<\/p>\n","protected":false},"author":2,"featured_media":312081,"comment_status":"closed","ping_status":"closed","sticky":false,"template":"","format":"standard","meta":{"_acf_changed":false,"footnotes":""},"categories":[165],"tags":[],"class_list":["post-339181","post","type-post","status-publish","format-standard","has-post-thumbnail","hentry","category-nordeste"],"acf":[],"_links":{"self":[{"href":"https:\/\/www.notibras.com\/site\/wp-json\/wp\/v2\/posts\/339181","targetHints":{"allow":["GET"]}}],"collection":[{"href":"https:\/\/www.notibras.com\/site\/wp-json\/wp\/v2\/posts"}],"about":[{"href":"https:\/\/www.notibras.com\/site\/wp-json\/wp\/v2\/types\/post"}],"author":[{"embeddable":true,"href":"https:\/\/www.notibras.com\/site\/wp-json\/wp\/v2\/users\/2"}],"replies":[{"embeddable":true,"href":"https:\/\/www.notibras.com\/site\/wp-json\/wp\/v2\/comments?post=339181"}],"version-history":[{"count":1,"href":"https:\/\/www.notibras.com\/site\/wp-json\/wp\/v2\/posts\/339181\/revisions"}],"predecessor-version":[{"id":339182,"href":"https:\/\/www.notibras.com\/site\/wp-json\/wp\/v2\/posts\/339181\/revisions\/339182"}],"wp:featuredmedia":[{"embeddable":true,"href":"https:\/\/www.notibras.com\/site\/wp-json\/wp\/v2\/media\/312081"}],"wp:attachment":[{"href":"https:\/\/www.notibras.com\/site\/wp-json\/wp\/v2\/media?parent=339181"}],"wp:term":[{"taxonomy":"category","embeddable":true,"href":"https:\/\/www.notibras.com\/site\/wp-json\/wp\/v2\/categories?post=339181"},{"taxonomy":"post_tag","embeddable":true,"href":"https:\/\/www.notibras.com\/site\/wp-json\/wp\/v2\/tags?post=339181"}],"curies":[{"name":"wp","href":"https:\/\/api.w.org\/{rel}","templated":true}]}}