{"id":33919,"date":"2015-01-13T16:49:36","date_gmt":"2015-01-13T19:49:36","guid":{"rendered":"http:\/\/www.notibras.com\/site\/?p=33919"},"modified":"2015-01-13T21:09:08","modified_gmt":"2015-01-14T00:09:08","slug":"enem-pega-na-redacao-de-aluno-relapso-e-deixa-mais-de-500-mil-com-nota-0","status":"publish","type":"post","link":"https:\/\/www.notibras.com\/site\/enem-pega-na-redacao-de-aluno-relapso-e-deixa-mais-de-500-mil-com-nota-0\/","title":{"rendered":"Enem pega firme na reda\u00e7\u00e3o e deixa 500 mil com a nota zero"},"content":{"rendered":"<p>Na edi\u00e7\u00e3o de\u00a02014, 529.373\u00a0candidatos tiraram nota 0 na reda\u00e7\u00e3o do Exame Nacional do Ensino M\u00e9dio (Enem). Na outra ponta, 250 obtiveram a nota m\u00e1xima. O resultado do Enem est\u00e1 dispon\u00edvel no<em> site <\/em>do <a href=\"http:\/\/inep.gov.br\/\" target=\"_blank\">Inep<\/a>. O tema da reda\u00e7\u00e3o foi &#8220;Publicidade infantil em quest\u00e3o no Brasil&#8221;.\u00a0 Na edi\u00e7\u00e3o de 2013, com menos inscritos, 481 reda\u00e7\u00f5es tiveram nota mil e 106.742, nota 0.<\/p>\n<p>Em 2014, entre os que zeraram a reda\u00e7\u00e3o, 13.039 copiaram textos motivadores da prova; 7.824 escreveram menos de sete linhas; 4.444 n\u00e3o atenderam ao tipo textual solicitado; 3.362 tiraram zero por parte desconectada e 955 por ferirem os direitos humanos. Outras 1.508, por outros motivos.<\/p>\n<p>Segundo o Inep, de 2013 para 2014 houve queda de 9,7% no desempenho dos concluintes do ensino m\u00e9dio, que foram 1.485.320 candidatos. De acordo com o ministro da Educa\u00e7\u00e3o, Cid Gomes, a queda merece a aten\u00e7\u00e3o da academia para que se entenda o porqu\u00ea disso, pois, de acordo com ele, em um ano, n\u00e3o houve grandes varia\u00e7\u00f5es de financiamento ou de corpo docente no ensino m\u00e9dio suficientes para explicar a queda de desempenho.<\/p>\n<p>&#8220;O tema de 2013 foi Lei Seca. Essa quest\u00e3o foi muito debatida, muito discutida. A m\u00eddia focou muito o tema. O tema agora, publicidade infantil, n\u00e3o teve um grande processo de discuss\u00e3o como teve o de 2013&#8221;, avaliou o ministro. &#8220;N\u00e3o diria [que o tema foi] mais dif\u00edcil, mas, sem d\u00favida, foi um tema que n\u00e3o teve um grau de discuss\u00e3o nacional como o tema de 2013&#8221;. O tema de 2013 foi &#8220;Os efeitos da implanta\u00e7\u00e3o da Lei Seca no Brasil&#8221;.<\/p>\n<p>Segundo o Minist\u00e9rio da Educa\u00e7\u00e3o, na edi\u00e7\u00e3o do ano passado, foram corrigidos 5.934.034 textos, dos quais 2.695.949 passaram para um terceiro corretor e 283.746 tiveram avalia\u00e7\u00e3o de uma banca de especialistas.<\/p>\n<blockquote><p>A corre\u00e7\u00e3o da prova de reda\u00e7\u00e3o leva em conta cinco compet\u00eancias:\u00a0dom\u00ednio da norma padr\u00e3o da l\u00edngua escrita; compreens\u00e3o da proposta de reda\u00e7\u00e3o; capacidade de selecionar, relacionar, organizar e interpretar informa\u00e7\u00f5es, fatos, opini\u00f5es e argumentos em defesa de um ponto de vista; conhecimento dos mecanismos lingu\u00edsticos necess\u00e1rios \u00e0 constru\u00e7\u00e3o da argumenta\u00e7\u00e3o; elabora\u00e7\u00e3o de proposta de interven\u00e7\u00e3o para o problema abordado, respeitados os direitos humanos.<\/p><\/blockquote>\n<p>Ao todo, segundo o Inep, 6.193.565 candidatos fizeram as provas nos dias 8 e 9 de novembro em mais de 1,7 mil cidades. Para\u00a0ter\u00a0acesso ao resultado, eles precisar\u00e3o do n\u00famero de inscri\u00e7\u00e3o ou do CPF e da senha criada na hora da inscri\u00e7\u00e3o. O candidato poder\u00e1 recuperar a senha no pr\u00f3prio portal.<\/p>\n<p><strong>Mariana Tokarnia, ABr <\/strong><\/p>\n","protected":false},"excerpt":{"rendered":"<p>Na edi\u00e7\u00e3o de\u00a02014, 529.373\u00a0candidatos tiraram nota 0 na reda\u00e7\u00e3o do Exame Nacional do Ensino M\u00e9dio (Enem). Na outra ponta, 250 obtiveram a nota m\u00e1xima. O resultado do Enem est\u00e1 dispon\u00edvel no site do Inep. O tema da reda\u00e7\u00e3o foi &#8220;Publicidade infantil em quest\u00e3o no Brasil&#8221;.\u00a0 Na edi\u00e7\u00e3o de 2013, com menos inscritos, 481 reda\u00e7\u00f5es tiveram [&hellip;]<\/p>\n","protected":false},"author":2,"featured_media":33920,"comment_status":"open","ping_status":"closed","sticky":false,"template":"","format":"standard","meta":{"_acf_changed":false,"footnotes":""},"categories":[16],"tags":[],"class_list":["post-33919","post","type-post","status-publish","format-standard","has-post-thumbnail","hentry","category-brasil"],"acf":[],"yoast_head":"<!-- This site is optimized with the Yoast SEO plugin v27.2 - https:\/\/yoast.com\/product\/yoast-seo-wordpress\/ -->\n<title>Enem pega firme na reda\u00e7\u00e3o e deixa 500 mil com a nota zero - Notibras<\/title>\n<meta name=\"robots\" content=\"index, follow, max-snippet:-1, max-image-preview:large, max-video-preview:-1\" \/>\n<link rel=\"canonical\" href=\"https:\/\/www.notibras.com\/site\/enem-pega-na-redacao-de-aluno-relapso-e-deixa-mais-de-500-mil-com-nota-0\/\" \/>\n<meta property=\"og:locale\" content=\"pt_BR\" \/>\n<meta property=\"og:type\" content=\"article\" \/>\n<meta property=\"og:title\" content=\"Enem pega firme na reda\u00e7\u00e3o e deixa 500 mil com a nota zero - Notibras\" \/>\n<meta property=\"og:description\" content=\"Na edi\u00e7\u00e3o de\u00a02014, 529.373\u00a0candidatos tiraram nota 0 na reda\u00e7\u00e3o do Exame Nacional do Ensino M\u00e9dio (Enem). Na outra ponta, 250 obtiveram a nota m\u00e1xima. O resultado do Enem est\u00e1 dispon\u00edvel no site do Inep. O tema da reda\u00e7\u00e3o foi &#8220;Publicidade infantil em quest\u00e3o no Brasil&#8221;.\u00a0 Na edi\u00e7\u00e3o de 2013, com menos inscritos, 481 reda\u00e7\u00f5es tiveram [&hellip;]\" \/>\n<meta property=\"og:url\" content=\"https:\/\/www.notibras.com\/site\/enem-pega-na-redacao-de-aluno-relapso-e-deixa-mais-de-500-mil-com-nota-0\/\" \/>\n<meta property=\"og:site_name\" content=\"Notibras\" \/>\n<meta property=\"article:publisher\" content=\"https:\/\/www.facebook.com\/notibras\/\" \/>\n<meta property=\"article:published_time\" content=\"2015-01-13T19:49:36+00:00\" \/>\n<meta property=\"article:modified_time\" content=\"2015-01-14T00:09:08+00:00\" \/>\n<meta property=\"og:image\" content=\"https:\/\/www.notibras.com\/site\/wp-content\/uploads\/2015\/01\/943453-_dsc4482.jpg\" \/>\n\t<meta property=\"og:image:width\" content=\"580\" \/>\n\t<meta property=\"og:image:height\" content=\"388\" \/>\n\t<meta property=\"og:image:type\" content=\"image\/jpeg\" \/>\n<meta name=\"author\" content=\"Reda\u00e7\u00e3o\" \/>\n<meta name=\"twitter:card\" content=\"summary_large_image\" \/>\n<meta name=\"twitter:creator\" content=\"@Notibras\" \/>\n<meta name=\"twitter:site\" content=\"@Notibras\" \/>\n<meta name=\"twitter:label1\" content=\"Escrito por\" \/>\n\t<meta name=\"twitter:data1\" content=\"Reda\u00e7\u00e3o\" \/>\n\t<meta name=\"twitter:label2\" content=\"Est. tempo de leitura\" \/>\n\t<meta name=\"twitter:data2\" content=\"2 minutos\" \/>\n<script type=\"application\/ld+json\" class=\"yoast-schema-graph\">{\"@context\":\"https:\/\/schema.org\",\"@graph\":[{\"@type\":\"Article\",\"@id\":\"https:\/\/www.notibras.com\/site\/enem-pega-na-redacao-de-aluno-relapso-e-deixa-mais-de-500-mil-com-nota-0\/#article\",\"isPartOf\":{\"@id\":\"https:\/\/www.notibras.com\/site\/enem-pega-na-redacao-de-aluno-relapso-e-deixa-mais-de-500-mil-com-nota-0\/\"},\"author\":{\"name\":\"Reda\u00e7\u00e3o\",\"@id\":\"https:\/\/www.notibras.com\/site\/#\/schema\/person\/36ab0979449956132d3e5b517ea76ac8\"},\"headline\":\"Enem pega firme na reda\u00e7\u00e3o e deixa 500 mil com a nota zero\",\"datePublished\":\"2015-01-13T19:49:36+00:00\",\"dateModified\":\"2015-01-14T00:09:08+00:00\",\"mainEntityOfPage\":{\"@id\":\"https:\/\/www.notibras.com\/site\/enem-pega-na-redacao-de-aluno-relapso-e-deixa-mais-de-500-mil-com-nota-0\/\"},\"wordCount\":448,\"commentCount\":0,\"publisher\":{\"@id\":\"https:\/\/www.notibras.com\/site\/#organization\"},\"image\":{\"@id\":\"https:\/\/www.notibras.com\/site\/enem-pega-na-redacao-de-aluno-relapso-e-deixa-mais-de-500-mil-com-nota-0\/#primaryimage\"},\"thumbnailUrl\":\"https:\/\/www.notibras.com\/site\/wp-content\/uploads\/2015\/01\/943453-_dsc4482.jpg\",\"articleSection\":[\"Brasil\"],\"inLanguage\":\"pt-BR\",\"potentialAction\":[{\"@type\":\"CommentAction\",\"name\":\"Comment\",\"target\":[\"https:\/\/www.notibras.com\/site\/enem-pega-na-redacao-de-aluno-relapso-e-deixa-mais-de-500-mil-com-nota-0\/#respond\"]}]},{\"@type\":\"WebPage\",\"@id\":\"https:\/\/www.notibras.com\/site\/enem-pega-na-redacao-de-aluno-relapso-e-deixa-mais-de-500-mil-com-nota-0\/\",\"url\":\"https:\/\/www.notibras.com\/site\/enem-pega-na-redacao-de-aluno-relapso-e-deixa-mais-de-500-mil-com-nota-0\/\",\"name\":\"Enem pega firme na reda\u00e7\u00e3o e deixa 500 mil com a nota zero - Notibras\",\"isPartOf\":{\"@id\":\"https:\/\/www.notibras.com\/site\/#website\"},\"primaryImageOfPage\":{\"@id\":\"https:\/\/www.notibras.com\/site\/enem-pega-na-redacao-de-aluno-relapso-e-deixa-mais-de-500-mil-com-nota-0\/#primaryimage\"},\"image\":{\"@id\":\"https:\/\/www.notibras.com\/site\/enem-pega-na-redacao-de-aluno-relapso-e-deixa-mais-de-500-mil-com-nota-0\/#primaryimage\"},\"thumbnailUrl\":\"https:\/\/www.notibras.com\/site\/wp-content\/uploads\/2015\/01\/943453-_dsc4482.jpg\",\"datePublished\":\"2015-01-13T19:49:36+00:00\",\"dateModified\":\"2015-01-14T00:09:08+00:00\",\"breadcrumb\":{\"@id\":\"https:\/\/www.notibras.com\/site\/enem-pega-na-redacao-de-aluno-relapso-e-deixa-mais-de-500-mil-com-nota-0\/#breadcrumb\"},\"inLanguage\":\"pt-BR\",\"potentialAction\":[{\"@type\":\"ReadAction\",\"target\":[\"https:\/\/www.notibras.com\/site\/enem-pega-na-redacao-de-aluno-relapso-e-deixa-mais-de-500-mil-com-nota-0\/\"]}]},{\"@type\":\"ImageObject\",\"inLanguage\":\"pt-BR\",\"@id\":\"https:\/\/www.notibras.com\/site\/enem-pega-na-redacao-de-aluno-relapso-e-deixa-mais-de-500-mil-com-nota-0\/#primaryimage\",\"url\":\"https:\/\/www.notibras.com\/site\/wp-content\/uploads\/2015\/01\/943453-_dsc4482.jpg\",\"contentUrl\":\"https:\/\/www.notibras.com\/site\/wp-content\/uploads\/2015\/01\/943453-_dsc4482.jpg\",\"width\":580,\"height\":388},{\"@type\":\"BreadcrumbList\",\"@id\":\"https:\/\/www.notibras.com\/site\/enem-pega-na-redacao-de-aluno-relapso-e-deixa-mais-de-500-mil-com-nota-0\/#breadcrumb\",\"itemListElement\":[{\"@type\":\"ListItem\",\"position\":1,\"name\":\"In\u00edcio\",\"item\":\"https:\/\/www.notibras.com\/site\/\"},{\"@type\":\"ListItem\",\"position\":2,\"name\":\"Enem pega firme na reda\u00e7\u00e3o e deixa 500 mil com a nota zero\"}]},{\"@type\":\"WebSite\",\"@id\":\"https:\/\/www.notibras.com\/site\/#website\",\"url\":\"https:\/\/www.notibras.com\/site\/\",\"name\":\"Notibras\",\"description\":\"Not\u00edcias de Bras\u00edlia, do Brasil e do Mundo\",\"publisher\":{\"@id\":\"https:\/\/www.notibras.com\/site\/#organization\"},\"potentialAction\":[{\"@type\":\"SearchAction\",\"target\":{\"@type\":\"EntryPoint\",\"urlTemplate\":\"https:\/\/www.notibras.com\/site\/?s={search_term_string}\"},\"query-input\":{\"@type\":\"PropertyValueSpecification\",\"valueRequired\":true,\"valueName\":\"search_term_string\"}}],\"inLanguage\":\"pt-BR\"},{\"@type\":\"Organization\",\"@id\":\"https:\/\/www.notibras.com\/site\/#organization\",\"name\":\"Grupo Notibras de Comunica\u00e7\u00e3o\",\"url\":\"https:\/\/www.notibras.com\/site\/\",\"logo\":{\"@type\":\"ImageObject\",\"inLanguage\":\"pt-BR\",\"@id\":\"https:\/\/www.notibras.com\/site\/#\/schema\/logo\/image\/\",\"url\":\"https:\/\/www.notibras.com\/site\/wp-content\/uploads\/2023\/01\/notibras23.png\",\"contentUrl\":\"https:\/\/www.notibras.com\/site\/wp-content\/uploads\/2023\/01\/notibras23.png\",\"width\":350,\"height\":87,\"caption\":\"Grupo Notibras de Comunica\u00e7\u00e3o\"},\"image\":{\"@id\":\"https:\/\/www.notibras.com\/site\/#\/schema\/logo\/image\/\"},\"sameAs\":[\"https:\/\/www.facebook.com\/notibras\/\",\"https:\/\/x.com\/Notibras\",\"https:\/\/www.instagram.com\/notibras\/\"]},{\"@type\":\"Person\",\"@id\":\"https:\/\/www.notibras.com\/site\/#\/schema\/person\/36ab0979449956132d3e5b517ea76ac8\",\"name\":\"Reda\u00e7\u00e3o\",\"image\":{\"@type\":\"ImageObject\",\"inLanguage\":\"pt-BR\",\"@id\":\"https:\/\/secure.gravatar.com\/avatar\/e0a867bdedb85fd243eadf09663511f96fc81e0720a4a42581f334ad4303aa6b?s=96&d=mm&r=g\",\"url\":\"https:\/\/secure.gravatar.com\/avatar\/e0a867bdedb85fd243eadf09663511f96fc81e0720a4a42581f334ad4303aa6b?s=96&d=mm&r=g\",\"contentUrl\":\"https:\/\/secure.gravatar.com\/avatar\/e0a867bdedb85fd243eadf09663511f96fc81e0720a4a42581f334ad4303aa6b?s=96&d=mm&r=g\",\"caption\":\"Reda\u00e7\u00e3o\"}}]}<\/script>\n<!-- \/ Yoast SEO plugin. -->","yoast_head_json":{"title":"Enem pega firme na reda\u00e7\u00e3o e deixa 500 mil com a nota zero - Notibras","robots":{"index":"index","follow":"follow","max-snippet":"max-snippet:-1","max-image-preview":"max-image-preview:large","max-video-preview":"max-video-preview:-1"},"canonical":"https:\/\/www.notibras.com\/site\/enem-pega-na-redacao-de-aluno-relapso-e-deixa-mais-de-500-mil-com-nota-0\/","og_locale":"pt_BR","og_type":"article","og_title":"Enem pega firme na reda\u00e7\u00e3o e deixa 500 mil com a nota zero - Notibras","og_description":"Na edi\u00e7\u00e3o de\u00a02014, 529.373\u00a0candidatos tiraram nota 0 na reda\u00e7\u00e3o do Exame Nacional do Ensino M\u00e9dio (Enem). Na outra ponta, 250 obtiveram a nota m\u00e1xima. O resultado do Enem est\u00e1 dispon\u00edvel no site do Inep. O tema da reda\u00e7\u00e3o foi &#8220;Publicidade infantil em quest\u00e3o no Brasil&#8221;.\u00a0 Na edi\u00e7\u00e3o de 2013, com menos inscritos, 481 reda\u00e7\u00f5es tiveram [&hellip;]","og_url":"https:\/\/www.notibras.com\/site\/enem-pega-na-redacao-de-aluno-relapso-e-deixa-mais-de-500-mil-com-nota-0\/","og_site_name":"Notibras","article_publisher":"https:\/\/www.facebook.com\/notibras\/","article_published_time":"2015-01-13T19:49:36+00:00","article_modified_time":"2015-01-14T00:09:08+00:00","og_image":[{"width":580,"height":388,"url":"https:\/\/www.notibras.com\/site\/wp-content\/uploads\/2015\/01\/943453-_dsc4482.jpg","type":"image\/jpeg"}],"author":"Reda\u00e7\u00e3o","twitter_card":"summary_large_image","twitter_creator":"@Notibras","twitter_site":"@Notibras","twitter_misc":{"Escrito por":"Reda\u00e7\u00e3o","Est. tempo de leitura":"2 minutos"},"schema":{"@context":"https:\/\/schema.org","@graph":[{"@type":"Article","@id":"https:\/\/www.notibras.com\/site\/enem-pega-na-redacao-de-aluno-relapso-e-deixa-mais-de-500-mil-com-nota-0\/#article","isPartOf":{"@id":"https:\/\/www.notibras.com\/site\/enem-pega-na-redacao-de-aluno-relapso-e-deixa-mais-de-500-mil-com-nota-0\/"},"author":{"name":"Reda\u00e7\u00e3o","@id":"https:\/\/www.notibras.com\/site\/#\/schema\/person\/36ab0979449956132d3e5b517ea76ac8"},"headline":"Enem pega firme na reda\u00e7\u00e3o e deixa 500 mil com a nota zero","datePublished":"2015-01-13T19:49:36+00:00","dateModified":"2015-01-14T00:09:08+00:00","mainEntityOfPage":{"@id":"https:\/\/www.notibras.com\/site\/enem-pega-na-redacao-de-aluno-relapso-e-deixa-mais-de-500-mil-com-nota-0\/"},"wordCount":448,"commentCount":0,"publisher":{"@id":"https:\/\/www.notibras.com\/site\/#organization"},"image":{"@id":"https:\/\/www.notibras.com\/site\/enem-pega-na-redacao-de-aluno-relapso-e-deixa-mais-de-500-mil-com-nota-0\/#primaryimage"},"thumbnailUrl":"https:\/\/www.notibras.com\/site\/wp-content\/uploads\/2015\/01\/943453-_dsc4482.jpg","articleSection":["Brasil"],"inLanguage":"pt-BR","potentialAction":[{"@type":"CommentAction","name":"Comment","target":["https:\/\/www.notibras.com\/site\/enem-pega-na-redacao-de-aluno-relapso-e-deixa-mais-de-500-mil-com-nota-0\/#respond"]}]},{"@type":"WebPage","@id":"https:\/\/www.notibras.com\/site\/enem-pega-na-redacao-de-aluno-relapso-e-deixa-mais-de-500-mil-com-nota-0\/","url":"https:\/\/www.notibras.com\/site\/enem-pega-na-redacao-de-aluno-relapso-e-deixa-mais-de-500-mil-com-nota-0\/","name":"Enem pega firme na reda\u00e7\u00e3o e deixa 500 mil com a nota zero - Notibras","isPartOf":{"@id":"https:\/\/www.notibras.com\/site\/#website"},"primaryImageOfPage":{"@id":"https:\/\/www.notibras.com\/site\/enem-pega-na-redacao-de-aluno-relapso-e-deixa-mais-de-500-mil-com-nota-0\/#primaryimage"},"image":{"@id":"https:\/\/www.notibras.com\/site\/enem-pega-na-redacao-de-aluno-relapso-e-deixa-mais-de-500-mil-com-nota-0\/#primaryimage"},"thumbnailUrl":"https:\/\/www.notibras.com\/site\/wp-content\/uploads\/2015\/01\/943453-_dsc4482.jpg","datePublished":"2015-01-13T19:49:36+00:00","dateModified":"2015-01-14T00:09:08+00:00","breadcrumb":{"@id":"https:\/\/www.notibras.com\/site\/enem-pega-na-redacao-de-aluno-relapso-e-deixa-mais-de-500-mil-com-nota-0\/#breadcrumb"},"inLanguage":"pt-BR","potentialAction":[{"@type":"ReadAction","target":["https:\/\/www.notibras.com\/site\/enem-pega-na-redacao-de-aluno-relapso-e-deixa-mais-de-500-mil-com-nota-0\/"]}]},{"@type":"ImageObject","inLanguage":"pt-BR","@id":"https:\/\/www.notibras.com\/site\/enem-pega-na-redacao-de-aluno-relapso-e-deixa-mais-de-500-mil-com-nota-0\/#primaryimage","url":"https:\/\/www.notibras.com\/site\/wp-content\/uploads\/2015\/01\/943453-_dsc4482.jpg","contentUrl":"https:\/\/www.notibras.com\/site\/wp-content\/uploads\/2015\/01\/943453-_dsc4482.jpg","width":580,"height":388},{"@type":"BreadcrumbList","@id":"https:\/\/www.notibras.com\/site\/enem-pega-na-redacao-de-aluno-relapso-e-deixa-mais-de-500-mil-com-nota-0\/#breadcrumb","itemListElement":[{"@type":"ListItem","position":1,"name":"In\u00edcio","item":"https:\/\/www.notibras.com\/site\/"},{"@type":"ListItem","position":2,"name":"Enem pega firme na reda\u00e7\u00e3o e deixa 500 mil com a nota zero"}]},{"@type":"WebSite","@id":"https:\/\/www.notibras.com\/site\/#website","url":"https:\/\/www.notibras.com\/site\/","name":"Notibras","description":"Not\u00edcias de Bras\u00edlia, do Brasil e do Mundo","publisher":{"@id":"https:\/\/www.notibras.com\/site\/#organization"},"potentialAction":[{"@type":"SearchAction","target":{"@type":"EntryPoint","urlTemplate":"https:\/\/www.notibras.com\/site\/?s={search_term_string}"},"query-input":{"@type":"PropertyValueSpecification","valueRequired":true,"valueName":"search_term_string"}}],"inLanguage":"pt-BR"},{"@type":"Organization","@id":"https:\/\/www.notibras.com\/site\/#organization","name":"Grupo Notibras de Comunica\u00e7\u00e3o","url":"https:\/\/www.notibras.com\/site\/","logo":{"@type":"ImageObject","inLanguage":"pt-BR","@id":"https:\/\/www.notibras.com\/site\/#\/schema\/logo\/image\/","url":"https:\/\/www.notibras.com\/site\/wp-content\/uploads\/2023\/01\/notibras23.png","contentUrl":"https:\/\/www.notibras.com\/site\/wp-content\/uploads\/2023\/01\/notibras23.png","width":350,"height":87,"caption":"Grupo Notibras de Comunica\u00e7\u00e3o"},"image":{"@id":"https:\/\/www.notibras.com\/site\/#\/schema\/logo\/image\/"},"sameAs":["https:\/\/www.facebook.com\/notibras\/","https:\/\/x.com\/Notibras","https:\/\/www.instagram.com\/notibras\/"]},{"@type":"Person","@id":"https:\/\/www.notibras.com\/site\/#\/schema\/person\/36ab0979449956132d3e5b517ea76ac8","name":"Reda\u00e7\u00e3o","image":{"@type":"ImageObject","inLanguage":"pt-BR","@id":"https:\/\/secure.gravatar.com\/avatar\/e0a867bdedb85fd243eadf09663511f96fc81e0720a4a42581f334ad4303aa6b?s=96&d=mm&r=g","url":"https:\/\/secure.gravatar.com\/avatar\/e0a867bdedb85fd243eadf09663511f96fc81e0720a4a42581f334ad4303aa6b?s=96&d=mm&r=g","contentUrl":"https:\/\/secure.gravatar.com\/avatar\/e0a867bdedb85fd243eadf09663511f96fc81e0720a4a42581f334ad4303aa6b?s=96&d=mm&r=g","caption":"Reda\u00e7\u00e3o"}}]}},"amp_enabled":true,"_links":{"self":[{"href":"https:\/\/www.notibras.com\/site\/wp-json\/wp\/v2\/posts\/33919","targetHints":{"allow":["GET"]}}],"collection":[{"href":"https:\/\/www.notibras.com\/site\/wp-json\/wp\/v2\/posts"}],"about":[{"href":"https:\/\/www.notibras.com\/site\/wp-json\/wp\/v2\/types\/post"}],"author":[{"embeddable":true,"href":"https:\/\/www.notibras.com\/site\/wp-json\/wp\/v2\/users\/2"}],"replies":[{"embeddable":true,"href":"https:\/\/www.notibras.com\/site\/wp-json\/wp\/v2\/comments?post=33919"}],"version-history":[{"count":0,"href":"https:\/\/www.notibras.com\/site\/wp-json\/wp\/v2\/posts\/33919\/revisions"}],"wp:featuredmedia":[{"embeddable":true,"href":"https:\/\/www.notibras.com\/site\/wp-json\/wp\/v2\/media\/33920"}],"wp:attachment":[{"href":"https:\/\/www.notibras.com\/site\/wp-json\/wp\/v2\/media?parent=33919"}],"wp:term":[{"taxonomy":"category","embeddable":true,"href":"https:\/\/www.notibras.com\/site\/wp-json\/wp\/v2\/categories?post=33919"},{"taxonomy":"post_tag","embeddable":true,"href":"https:\/\/www.notibras.com\/site\/wp-json\/wp\/v2\/tags?post=33919"}],"curies":[{"name":"wp","href":"https:\/\/api.w.org\/{rel}","templated":true}]}}