{"id":339210,"date":"2024-10-22T09:18:53","date_gmt":"2024-10-22T12:18:53","guid":{"rendered":"https:\/\/www.notibras.com\/site\/?p=339210"},"modified":"2024-10-22T09:24:19","modified_gmt":"2024-10-22T12:24:19","slug":"silvio-faz-escola-que-pode-reprovar-candidato-a-presidencia-da-ordem","status":"publish","type":"post","link":"https:\/\/www.notibras.com\/site\/silvio-faz-escola-que-pode-reprovar-candidato-a-presidencia-da-ordem\/","title":{"rendered":"Silvio faz escola que pode reprovar candidato \u00e0 presid\u00eancia da Ordem"},"content":{"rendered":"<p>Em r\u00e1pida passagem por Bras\u00edlia, h\u00e1 10 dias, foi-me dito, em tom de reserva, que a disputa pela cadeira de Jr sairia do campo do debate (como o programado para a noite desta ter\u00e7a, 22) e subiria ao ringue. Pancadaria (sup\u00f5e-se que apenas verbal), literalmente.<\/p>\n<p>Como h\u00e1 o dia da ca\u00e7a, tamb\u00e9m chega a hora de o ca\u00e7ador comemorar sua data. E esse calend\u00e1rio est\u00e1 sendo lembrado precisamente no momento em que, num ambiente j\u00e1 acirrado, vem \u00e0 tona den\u00fancia de suposto ass\u00e9dio sexual envolvendo uma das candidaturas.<\/p>\n<p>Ao que se observa, quem se disp\u00f5e a concorrer \u00e0 presid\u00eancia da OAB no Distrito Federal n\u00e3o pode ter telhado de vidro. E um postulante est\u00e1 prestes a sofrer um duro golpe. Meu interlocutor a\u00ed da capital da Rep\u00fablica, garante que no rastro das den\u00fancias que provocaram a demiss\u00e3o do ex-ministro dos Direitos Humanos Silvio Almeida, surgem rumores de que algo id\u00eantico est\u00e1 para explodir no campo em que atuam advogados.<\/p>\n<p>Nos bastidores e em grupos de WhatsApp circulam conversas sobre supostas tentativas de ass\u00e9dio sexual que envolvem uma figura de destaque na corrida eleitoral. Embora, por enquanto, nenhuma den\u00fancia formal tenha sido feita \u00e0s autoridades competentes, o clima de tens\u00e3o \u00e9 significativo.<\/p>\n<p>Caso as acusa\u00e7\u00f5es ganhem corpo, o pleito, que j\u00e1 se desenha controverso, pode se transformar em um verdadeiro epis\u00f3dio digno de &#8220;<em>Law &amp; Order: SVU<\/em>&#8220;. Com a proximidade das elei\u00e7\u00f5es, muitos se perguntam se o esc\u00e2ndalo ir\u00e1 se concretizar ou se esses boatos ser\u00e3o abafados antes que atinjam a opini\u00e3o p\u00fablica de forma irrevers\u00edvel.<\/p>\n<p>No alvorecer desta ter\u00e7a, enquanto o Sol j\u00e1 banhava as \u00e1guas mornas da Praia de Itapuama e Bras\u00edlia ainda se envolvia nas trevas, recebi um telefonema. &#8220;A situa\u00e7\u00e3o \u00e9 explosiva e qualquer nova revela\u00e7\u00e3o pode mudar drasticamente o cen\u00e1rio eleitoral&#8221;.<\/p>\n<p>O sil\u00eancio dos envolvidos e a aus\u00eancia de um posicionamento oficial aumentam ainda mais as especula\u00e7\u00f5es. Se confirmadas as den\u00fancias, n\u00e3o h\u00e1 d\u00favidas de que uma candidatura estar\u00e1 com os dias contados. O que j\u00e1 se desenha \u00e9 um dos maiores esc\u00e2ndalos eleitorais da hist\u00f3ria recente da seccional brasiliense da OAB. Dito isto, se algu\u00e9m vai colocar ordem na Casa, \u00e9 outra hist\u00f3ria.<\/p>\n","protected":false},"excerpt":{"rendered":"<p>Em r\u00e1pida passagem por Bras\u00edlia, h\u00e1 10 dias, foi-me dito, em tom de reserva, que a disputa pela cadeira de Jr sairia do campo do debate (como o programado para a noite desta ter\u00e7a, 22) e subiria ao ringue. Pancadaria (sup\u00f5e-se que apenas verbal), literalmente. Como h\u00e1 o dia da ca\u00e7a, tamb\u00e9m chega a hora [&hellip;]<\/p>\n","protected":false},"author":2,"featured_media":307533,"comment_status":"closed","ping_status":"closed","sticky":false,"template":"","format":"standard","meta":{"_acf_changed":false,"footnotes":""},"categories":[161],"tags":[],"class_list":["post-339210","post","type-post","status-publish","format-standard","has-post-thumbnail","hentry","category-quadradinho-em-foco"],"acf":[],"_links":{"self":[{"href":"https:\/\/www.notibras.com\/site\/wp-json\/wp\/v2\/posts\/339210","targetHints":{"allow":["GET"]}}],"collection":[{"href":"https:\/\/www.notibras.com\/site\/wp-json\/wp\/v2\/posts"}],"about":[{"href":"https:\/\/www.notibras.com\/site\/wp-json\/wp\/v2\/types\/post"}],"author":[{"embeddable":true,"href":"https:\/\/www.notibras.com\/site\/wp-json\/wp\/v2\/users\/2"}],"replies":[{"embeddable":true,"href":"https:\/\/www.notibras.com\/site\/wp-json\/wp\/v2\/comments?post=339210"}],"version-history":[{"count":5,"href":"https:\/\/www.notibras.com\/site\/wp-json\/wp\/v2\/posts\/339210\/revisions"}],"predecessor-version":[{"id":339215,"href":"https:\/\/www.notibras.com\/site\/wp-json\/wp\/v2\/posts\/339210\/revisions\/339215"}],"wp:featuredmedia":[{"embeddable":true,"href":"https:\/\/www.notibras.com\/site\/wp-json\/wp\/v2\/media\/307533"}],"wp:attachment":[{"href":"https:\/\/www.notibras.com\/site\/wp-json\/wp\/v2\/media?parent=339210"}],"wp:term":[{"taxonomy":"category","embeddable":true,"href":"https:\/\/www.notibras.com\/site\/wp-json\/wp\/v2\/categories?post=339210"},{"taxonomy":"post_tag","embeddable":true,"href":"https:\/\/www.notibras.com\/site\/wp-json\/wp\/v2\/tags?post=339210"}],"curies":[{"name":"wp","href":"https:\/\/api.w.org\/{rel}","templated":true}]}}