{"id":339216,"date":"2024-10-22T16:05:11","date_gmt":"2024-10-22T19:05:11","guid":{"rendered":"https:\/\/www.notibras.com\/site\/?p=339216"},"modified":"2024-10-22T16:06:29","modified_gmt":"2024-10-22T19:06:29","slug":"demissao-na-agu-volta-a-tona-e-mancha-chapa-de-cleber-lopes-para-a-oab","status":"publish","type":"post","link":"https:\/\/www.notibras.com\/site\/demissao-na-agu-volta-a-tona-e-mancha-chapa-de-cleber-lopes-para-a-oab\/","title":{"rendered":"Demiss\u00e3o na AGU volta \u00e0 tona e mancha chapa de Cleber Lopes para a OAB"},"content":{"rendered":"<p>A pr\u00e1tica de advocacia privada por servidores p\u00fablicos, especialmente por quem ocupa cargos de confian\u00e7a ou de grande responsabilidade no seio do governo, sempre levantou questionamentos \u00e9ticos e morais. Talvez esse fato passe despercebido de Cleber Lopes, que encabe\u00e7a uma das chapas na disputa pela seccional Bras\u00edlia da Ordem dos Advogados do Brasil. N\u00e3o fosse isso, acredita-se, n\u00e3o teria o nobre jurista abra\u00e7ado o nome de Indira Ernesto Silva Quaresma como conselheira no grupo verde.<\/p>\n<p>A cita\u00e7\u00e3o do nome da doutora Indira transporta a 2021, ano em que ela foi demitida da Advocacia Geral da Uni\u00e3o por pr\u00e1tica de advocacia privada. A lembran\u00e7a desse epis\u00f3dio escancara uma s\u00e9rie de questionamentos \u00e9ticos que n\u00e3o podem ser varridos para debaixo do tapete em uma campanha que se apresenta como a &#8220;Ordem com Mais Voz&#8221;. Embora, tecnicamente, a advocacia privada seja permitida para alguns servidores, h\u00e1 uma linha t\u00eanue entre o legal e o moral, que exige reflex\u00e3o sobre as implica\u00e7\u00f5es dessa atua\u00e7\u00e3o.<\/p>\n<p>No Brasil, \u00e9 comum que determinados servidores, principalmente advogados p\u00fablicos, tenham permiss\u00e3o para exercer a advocacia privada, desde que n\u00e3o conflite com suas atribui\u00e7\u00f5es funcionais e que n\u00e3o haja impedimentos espec\u00edficos em suas carreiras. No entanto, esse exerc\u00edcio levanta d\u00favidas sobre a possibilidade de conflitos de interesse, visto que a atua\u00e7\u00e3o privada pode influenciar decis\u00f5es, a\u00e7\u00f5es ou mesmo a percep\u00e7\u00e3o de imparcialidade no exerc\u00edcio de suas fun\u00e7\u00f5es p\u00fablicas.<\/p>\n<p>Primeiramente, \u00e9 preciso reconhecer que o servidor p\u00fablico tem a responsabilidade de servir ao interesse coletivo, o que implica atuar de maneira imparcial, \u00e9tica e transparente. Quando um servidor se dedica \u00e0 advocacia privada, surge a preocupa\u00e7\u00e3o sobre como ele gerenciar\u00e1 os interesses privados e os interesses p\u00fablicos. O risco de supostamente utilizar sua posi\u00e7\u00e3o para beneficiar clientes ou obter vantagens indevidas \u00e9 um ponto que desperta debates sobre moralidade.<\/p>\n<p>A suposta imoralidade dessa pr\u00e1tica n\u00e3o est\u00e1 necessariamente na ilegalidade, mas na forma como ela pode comprometer a confian\u00e7a da sociedade na administra\u00e7\u00e3o p\u00fablica. A percep\u00e7\u00e3o de que um servidor p\u00fablico poderia favorecer interesses privados, mesmo que indiretamente, enfraquece o pacto de confian\u00e7a entre o Estado e os cidad\u00e3os. A imagem do servidor como um defensor dos interesses coletivos \u00e9, assim, colocada em xeque.<\/p>\n<p>Al\u00e9m disso, a advocacia privada pode afetar a dedica\u00e7\u00e3o do servidor \u00e0s suas atribui\u00e7\u00f5es funcionais. Mesmo que o desempenho de advocacia privada ocorra fora do expediente, h\u00e1 o questionamento sobre a capacidade do servidor de conciliar duas atividades intensas e exigentes. A sobrecarga de trabalho e o comprometimento da qualidade do servi\u00e7o p\u00fablico s\u00e3o riscos que precisam ser ponderados.<\/p>\n<p>Cabe lembrar a Cleber Lopes que as normas que permitem o exerc\u00edcio da advocacia privada para servidores p\u00fablicos t\u00eam limita\u00e7\u00f5es, como a proibi\u00e7\u00e3o de advogar contra a Fazenda P\u00fablica ou em causas em que haja conflito de interesses com o \u00f3rg\u00e3o em que atuam. No entanto, essas restri\u00e7\u00f5es n\u00e3o eliminam completamente a possibilidade de abusos ou desvios \u00e9ticos.<\/p>\n<p>A pergunta que n\u00e3o quer calar: se Cleber n\u00e3o consegue manter o m\u00ednimo de rigor \u00e9tico dentro da pr\u00f3pria chapa, que tipo de gest\u00e3o poder\u00edamos esperar caso sua candidatura fosse bem-sucedida? Para piorar a situa\u00e7\u00e3o, recorde-se que sua candidatura j\u00e1 estava repleta de questionamentos sobre sua real autonomia frente ao governador Ibaneis Rocha, seu principal cabo eleitoral. Agora, com a volta do fantasma que, sup\u00f5e-se, atormentou Indira, fica claro que a chapa coleciona n\u00e3o apenas compromissos pol\u00edticos suspeitos, mas tamb\u00e9m personagens cujo respeito pelas normas \u00e9, no m\u00ednimo, flex\u00edvel.<\/p>\n<p>Se a chapa de Cleber Lopes se apresenta como a salvadora da seccional da OAB, \u00e9 preocupante imaginar como se dar\u00e1 essa &#8220;salva\u00e7\u00e3o&#8221; com figuras cuja conduta \u00e9tica j\u00e1 foi questionada e penalizada de forma t\u00e3o contundente. Com um epis\u00f3dio como este, o eleitorado precisa pensar duas vezes antes de apostar todas as fichas em uma lideran\u00e7a que aparenta estar mais preocupada em proteger aliados do que em defender a moralidade que deveria nortear a advocacia.<\/p>\n<p>A reportagem tentou, sem sucesso, ouvir Cleber Lopes e Indira Quaresma at\u00e9 a edi\u00e7\u00e3o deste texto. O espa\u00e7o fica aberto para eventuais manifesta\u00e7\u00f5es dos representantes da Chapa Verde.<\/p>\n","protected":false},"excerpt":{"rendered":"<p>A pr\u00e1tica de advocacia privada por servidores p\u00fablicos, especialmente por quem ocupa cargos de confian\u00e7a ou de grande responsabilidade no seio do governo, sempre levantou questionamentos \u00e9ticos e morais. Talvez esse fato passe despercebido de Cleber Lopes, que encabe\u00e7a uma das chapas na disputa pela seccional Bras\u00edlia da Ordem dos Advogados do Brasil. N\u00e3o fosse [&hellip;]<\/p>\n","protected":false},"author":2,"featured_media":255334,"comment_status":"closed","ping_status":"closed","sticky":false,"template":"","format":"standard","meta":{"_acf_changed":false,"footnotes":""},"categories":[161],"tags":[],"class_list":["post-339216","post","type-post","status-publish","format-standard","has-post-thumbnail","hentry","category-quadradinho-em-foco"],"acf":[],"_links":{"self":[{"href":"https:\/\/www.notibras.com\/site\/wp-json\/wp\/v2\/posts\/339216","targetHints":{"allow":["GET"]}}],"collection":[{"href":"https:\/\/www.notibras.com\/site\/wp-json\/wp\/v2\/posts"}],"about":[{"href":"https:\/\/www.notibras.com\/site\/wp-json\/wp\/v2\/types\/post"}],"author":[{"embeddable":true,"href":"https:\/\/www.notibras.com\/site\/wp-json\/wp\/v2\/users\/2"}],"replies":[{"embeddable":true,"href":"https:\/\/www.notibras.com\/site\/wp-json\/wp\/v2\/comments?post=339216"}],"version-history":[{"count":3,"href":"https:\/\/www.notibras.com\/site\/wp-json\/wp\/v2\/posts\/339216\/revisions"}],"predecessor-version":[{"id":339219,"href":"https:\/\/www.notibras.com\/site\/wp-json\/wp\/v2\/posts\/339216\/revisions\/339219"}],"wp:featuredmedia":[{"embeddable":true,"href":"https:\/\/www.notibras.com\/site\/wp-json\/wp\/v2\/media\/255334"}],"wp:attachment":[{"href":"https:\/\/www.notibras.com\/site\/wp-json\/wp\/v2\/media?parent=339216"}],"wp:term":[{"taxonomy":"category","embeddable":true,"href":"https:\/\/www.notibras.com\/site\/wp-json\/wp\/v2\/categories?post=339216"},{"taxonomy":"post_tag","embeddable":true,"href":"https:\/\/www.notibras.com\/site\/wp-json\/wp\/v2\/tags?post=339216"}],"curies":[{"name":"wp","href":"https:\/\/api.w.org\/{rel}","templated":true}]}}