{"id":339220,"date":"2024-10-22T13:25:38","date_gmt":"2024-10-22T16:25:38","guid":{"rendered":"https:\/\/www.notibras.com\/site\/?p=339220"},"modified":"2024-10-22T16:33:44","modified_gmt":"2024-10-22T19:33:44","slug":"caca-f5-da-fab-cai-durante-voo-de-treinamento","status":"publish","type":"post","link":"https:\/\/www.notibras.com\/site\/caca-f5-da-fab-cai-durante-voo-de-treinamento\/","title":{"rendered":"Ca\u00e7a F5 da FAB cai durante voo de treinamento"},"content":{"rendered":"<p>Um ca\u00e7a da For\u00e7a A\u00e9rea Brasileira, modelo F-5M, caiu nesta ter\u00e7a-feira (22), no Rio Grande do Norte, durante voo de treinamento. Segundo a assessoria da FAB, antes de se ejetar da aeronave, o piloto a direcionou para uma \u00e1rea desabitada de Natal, capital potiguar.<\/p>\n<p>&#8220;O militar, antes de realizar o procedimento de eje\u00e7\u00e3o da aeronave com sucesso, direcionou-a para uma regi\u00e3o desabitada, havendo sido resgatado por equipe de salvamento da FAB&#8221;, informou o comando da Aeron\u00e1utica<\/p>\n<p>Ainda de acordo com a For\u00e7a A\u00e9rea, o acidente ser\u00e1 investigado pelo Centro de Investiga\u00e7\u00e3o e Preven\u00e7\u00e3o de Acidentes Aeron\u00e1uticos (CENIPA), &#8220;a fim de identificar os poss\u00edveis fatores contribuintes para evitar que novas ocorr\u00eancias semelhantes ocorram&#8221;.<\/p>\n","protected":false},"excerpt":{"rendered":"<p>Um ca\u00e7a da For\u00e7a A\u00e9rea Brasileira, modelo F-5M, caiu nesta ter\u00e7a-feira (22), no Rio Grande do Norte, durante voo de treinamento. Segundo a assessoria da FAB, antes de se ejetar da aeronave, o piloto a direcionou para uma \u00e1rea desabitada de Natal, capital potiguar. &#8220;O militar, antes de realizar o procedimento de eje\u00e7\u00e3o da aeronave [&hellip;]<\/p>\n","protected":false},"author":2,"featured_media":339221,"comment_status":"closed","ping_status":"closed","sticky":false,"template":"","format":"standard","meta":{"_acf_changed":false,"footnotes":""},"categories":[165],"tags":[],"class_list":["post-339220","post","type-post","status-publish","format-standard","has-post-thumbnail","hentry","category-nordeste"],"acf":[],"_links":{"self":[{"href":"https:\/\/www.notibras.com\/site\/wp-json\/wp\/v2\/posts\/339220","targetHints":{"allow":["GET"]}}],"collection":[{"href":"https:\/\/www.notibras.com\/site\/wp-json\/wp\/v2\/posts"}],"about":[{"href":"https:\/\/www.notibras.com\/site\/wp-json\/wp\/v2\/types\/post"}],"author":[{"embeddable":true,"href":"https:\/\/www.notibras.com\/site\/wp-json\/wp\/v2\/users\/2"}],"replies":[{"embeddable":true,"href":"https:\/\/www.notibras.com\/site\/wp-json\/wp\/v2\/comments?post=339220"}],"version-history":[{"count":4,"href":"https:\/\/www.notibras.com\/site\/wp-json\/wp\/v2\/posts\/339220\/revisions"}],"predecessor-version":[{"id":339225,"href":"https:\/\/www.notibras.com\/site\/wp-json\/wp\/v2\/posts\/339220\/revisions\/339225"}],"wp:featuredmedia":[{"embeddable":true,"href":"https:\/\/www.notibras.com\/site\/wp-json\/wp\/v2\/media\/339221"}],"wp:attachment":[{"href":"https:\/\/www.notibras.com\/site\/wp-json\/wp\/v2\/media?parent=339220"}],"wp:term":[{"taxonomy":"category","embeddable":true,"href":"https:\/\/www.notibras.com\/site\/wp-json\/wp\/v2\/categories?post=339220"},{"taxonomy":"post_tag","embeddable":true,"href":"https:\/\/www.notibras.com\/site\/wp-json\/wp\/v2\/tags?post=339220"}],"curies":[{"name":"wp","href":"https:\/\/api.w.org\/{rel}","templated":true}]}}