{"id":339226,"date":"2024-10-23T05:37:54","date_gmt":"2024-10-23T08:37:54","guid":{"rendered":"https:\/\/www.notibras.com\/site\/?p=339226"},"modified":"2024-10-23T05:42:17","modified_gmt":"2024-10-23T08:42:17","slug":"ricardo-cappelli-rompe-acordo-trai-a-esquerda-e-se-lanca-ao-buriti","status":"publish","type":"post","link":"https:\/\/www.notibras.com\/site\/ricardo-cappelli-rompe-acordo-trai-a-esquerda-e-se-lanca-ao-buriti\/","title":{"rendered":"Ricardo Cappelli rompe acordo, trai a esquerda e se lan\u00e7a ao Buriti"},"content":{"rendered":"<p>O jornalista Ricardo Cappelli, carioca, tem rela\u00e7\u00f5es muito pr\u00f3ximas com o maranhense Fl\u00e1vio Dino, ministro do Supremo Tribunal Federal.<\/p>\n<p>Ricardo Cappelli foi o segundo em comando no Minist\u00e9rio da Justi\u00e7a e Seguran\u00e7a P\u00fablica, quando Fl\u00e1vio Dino era o titular da pasta.<\/p>\n<p>Ricardo Cappelli foi o interventor federal na Seguran\u00e7a P\u00fablica de Bras\u00edlia, quando o governador Ibaneis Rocha, cabisbaixo, viu-se afastado das fun\u00e7\u00f5es, suspeito de fazer vista grossa para os golpistas que depredaram a capital da Rep\u00fablica no famigerado 8 de janeiro de 2023.<\/p>\n<p>Ricardo Cappelli, no cargo de interventor, criou inimigos dos 8 aos 80 (sem falar nas pr\u00f3prias for\u00e7as de seguran\u00e7a, a exemplo das pol\u00edcias Civil e Militar).<\/p>\n<p>Ricardo Cappelli foi ministro-interino quando Fl\u00e1vio Dino, com sua emp\u00e1fia, afastou-se para fazer lobby no Senado e garantir a aprova\u00e7\u00e3o do seu nome para o Supremo Tribunal Federal.<\/p>\n<p>Ricardo Cappelli sonhava ficar com a vaga de Fl\u00e1vio Dino. Como Therezinha (de Chico Buarque), Judas, o das 30 moedas, e Pedro, o ap\u00f3stolo, Lula, assustado com ousadia e imagina\u00e7\u00e3o t\u00e3o f\u00e9rtil, disse n\u00e3o.<\/p>\n<p>Ricardo Cappelli, demitido por Ricardo Lewandowski (este sim, dono de bagagem completa) do cargo de secret\u00e1rio-geral do Minist\u00e9rio da Justi\u00e7a e Seguran\u00e7a P\u00fablica, ficou com as m\u00e3os abanando.<\/p>\n<p>Ricardo Cappelli, apavorado, trope\u00e7ando nas pr\u00f3prias pernas e no linguajar, bateu na porta de Fl\u00e1vio Dino, a essa altura j\u00e1 aprovado pelos senadores para a mais alta Corte do Pa\u00eds.<\/p>\n<p>Ricardo Cappeli pediu e Fl\u00e1vio Dino conversou com o vice Geraldo Alckmin sobre o afilhado desempregado. Como os tr\u00eas s\u00e3o socialistas do mesmo saco de farinha, fez-se m\u00e1gica e pintou uma chance de nomea\u00e7\u00e3o.<\/p>\n<p>Ricardo Capelli virou presidente da Ag\u00eancia Brasileira de Desenvolvimento Industrial, vinculada ao Minist\u00e9rio do Desenvolvimento, Ind\u00fastria, Com\u00e9rcio e Servi\u00e7os, que o vice Geraldo Alckmin comanda.<\/p>\n<p>Ricardo Cappelli, em junho \u00faltimo, discutiu, em reuni\u00e3o na sede do PSB com os partidos de esquerda, uma ampla frente progressista para derrotar o grupo de Ibaneis Rocha nas elei\u00e7\u00f5es de 2026.<\/p>\n<p>Ricardo Cappelli ouviu do PT, PCdoB, Verde e outras legendas s\u00e9rias, que debate desse n\u00edvel deveria ser feito somente em 2025.<\/p>\n<p>Ricardo Cappelli acaba de trair a esquerda. Na ter\u00e7a, 22, lan\u00e7ou sua pr\u00e9-candidatura ao Pal\u00e1cio do Buriti. A repercuss\u00e3o foi hil\u00e1ria.<\/p>\n<p>Ricardo Cappelli \u00e9 um desinformado. Ou n\u00e3o sabe que o PSB, na figura de Rodrigo Rollemberg, fez o governo mais desastroso da hist\u00f3ria do Distrito Federal?<\/p>\n<p>Ricardo Cappelli, por fim, registre-se, \u00e9 ing\u00eanuo ou se faz de bobo. Sua piada de mau gosto n\u00e3o cola. Nem se usar a seiva de uma mangabeira.<\/p>\n","protected":false},"excerpt":{"rendered":"<p>O jornalista Ricardo Cappelli, carioca, tem rela\u00e7\u00f5es muito pr\u00f3ximas com o maranhense Fl\u00e1vio Dino, ministro do Supremo Tribunal Federal. Ricardo Cappelli foi o segundo em comando no Minist\u00e9rio da Justi\u00e7a e Seguran\u00e7a P\u00fablica, quando Fl\u00e1vio Dino era o titular da pasta. Ricardo Cappelli foi o interventor federal na Seguran\u00e7a P\u00fablica de Bras\u00edlia, quando o governador [&hellip;]<\/p>\n","protected":false},"author":2,"featured_media":339227,"comment_status":"closed","ping_status":"closed","sticky":false,"template":"","format":"standard","meta":{"_acf_changed":false,"footnotes":""},"categories":[161],"tags":[95],"class_list":["post-339226","post","type-post","status-publish","format-standard","has-post-thumbnail","hentry","category-quadradinho-em-foco","tag-capa"],"acf":[],"_links":{"self":[{"href":"https:\/\/www.notibras.com\/site\/wp-json\/wp\/v2\/posts\/339226","targetHints":{"allow":["GET"]}}],"collection":[{"href":"https:\/\/www.notibras.com\/site\/wp-json\/wp\/v2\/posts"}],"about":[{"href":"https:\/\/www.notibras.com\/site\/wp-json\/wp\/v2\/types\/post"}],"author":[{"embeddable":true,"href":"https:\/\/www.notibras.com\/site\/wp-json\/wp\/v2\/users\/2"}],"replies":[{"embeddable":true,"href":"https:\/\/www.notibras.com\/site\/wp-json\/wp\/v2\/comments?post=339226"}],"version-history":[{"count":5,"href":"https:\/\/www.notibras.com\/site\/wp-json\/wp\/v2\/posts\/339226\/revisions"}],"predecessor-version":[{"id":339232,"href":"https:\/\/www.notibras.com\/site\/wp-json\/wp\/v2\/posts\/339226\/revisions\/339232"}],"wp:featuredmedia":[{"embeddable":true,"href":"https:\/\/www.notibras.com\/site\/wp-json\/wp\/v2\/media\/339227"}],"wp:attachment":[{"href":"https:\/\/www.notibras.com\/site\/wp-json\/wp\/v2\/media?parent=339226"}],"wp:term":[{"taxonomy":"category","embeddable":true,"href":"https:\/\/www.notibras.com\/site\/wp-json\/wp\/v2\/categories?post=339226"},{"taxonomy":"post_tag","embeddable":true,"href":"https:\/\/www.notibras.com\/site\/wp-json\/wp\/v2\/tags?post=339226"}],"curies":[{"name":"wp","href":"https:\/\/api.w.org\/{rel}","templated":true}]}}