{"id":339233,"date":"2024-10-23T00:21:30","date_gmt":"2024-10-23T03:21:30","guid":{"rendered":"https:\/\/www.notibras.com\/site\/?p=339233"},"modified":"2024-10-23T07:16:47","modified_gmt":"2024-10-23T10:16:47","slug":"debate-mostra-veve-seguro-e-poli-ana-acuado","status":"publish","type":"post","link":"https:\/\/www.notibras.com\/site\/debate-mostra-veve-seguro-e-poli-ana-acuado\/","title":{"rendered":"Debate mostra Vev\u00e9 seguro e Poli (&#8216;ana&#8217;) acuado"},"content":{"rendered":"<p>O debate promovido na noite de ter\u00e7a, 22, pelo pool <em>TV Bras\u00edlia\/Correio Braziliense<\/em> com os candidatos \u00e0 presid\u00eancia da seccional da Ordem dos Advogados do Brasil, revelou a clara divis\u00e3o de posturas e o grau da capacidade de articula\u00e7\u00e3o de cada postulante.<\/p>\n<p>O evento trouxe \u00e0 tona temas sens\u00edveis \u00e0 advocacia, especialmente sobre as prerrogativas dos advogados ap\u00f3s os eventos de 8 de janeiro e a necessidade de uma atua\u00e7\u00e3o mais firme da OAB do Distrito Federal diante das viola\u00e7\u00f5es. Veja a seguir um resumo:<\/p>\n<p><strong>Poli fala muito e diz pouco<\/strong> &#8211; Paulo Maur\u00edcio, o candidato da situa\u00e7\u00e3o, foi duramente criticado por todos os outros candidatos. Repetidas vezes, Poli recorreu a um discurso vazio, falando muito sem apresentar respostas concretas. Questionado sobre a falta de transpar\u00eancia nas contas da OAB e sobre o rombo n\u00e3o resolvido na Caixa de Assist\u00eancia, ele se esquivou, evitando abordar o cerne do problema. Seu momento mais constrangedor ocorreu quando tentou justificar sua gest\u00e3o nos \u00faltimos seis anos, sempre sob o comando de D\u00e9lio Lins e Silva Jr, sem apresentar qualquer solu\u00e7\u00e3o efetiva para as quest\u00f5es financeiras que tanto afligem a advocacia. Poli afirmou: &#8220;Desde o primeiro momento, trabalhamos arduamente para defender as prerrogativas dos advogados que atuaram no 8 de janeiro e assegurar o devido processo legal&#8221;, mas sua falta de a\u00e7\u00e3o concreta foi criticada pelos demais candidatos.<\/p>\n<p><strong>Cristiane, perdida nos pr\u00f3prios pensamentos<\/strong> &#8211; Cristiane Damasceno, embora com potencial de representar a advocacia feminina, teve uma atua\u00e7\u00e3o ap\u00e1tica e desconexa. Visivelmente nervosa, ela se atrapalhou em suas falas e demonstrou pouco preparo para enfrentar as quest\u00f5es levantadas. Seu desempenho foi marcado por uma postura defensiva, sem grandes momentos de impacto. Em uma cr\u00edtica \u00e0 postura de Karol Guimar\u00e3es durante o debate, Cristiane declarou: &#8220;\u00c9 muito importante obedecer \u00e0s regras. Esse \u00e9 um princ\u00edpio b\u00e1sico para qualquer advogado&#8221;, referindo-se ao desrespeito de Karol \u00e0s regras do evento.<\/p>\n<p><strong>Karol e a atra\u00e7\u00e3o circense<\/strong> &#8211;\u00a0Karol Guimar\u00e3es foi a mais pol\u00eamica da noite. Com um estilo agressivo que lembrou Pablo Mar\u00e7al, ela protagonizou um verdadeiro espet\u00e1culo, exibindo cartas e fotos de panelas, uma clara viola\u00e7\u00e3o das regras do debate. Como resultado, seus concorrentes ganharam 30 segundos adicionais no bloco de encerramento, penalizando-a por descumprir o acordo pr\u00e9vio. A atitude de Karol foi vista como um gesto teatral e desrespeitoso, refletindo seu despreparo para o cargo. Em sua defesa, ela afirmou: &#8220;Esses grupinhos, essas panelinhas, tiraram tudo da gente. Mas pelo menos o direito de sonhar a gente tem que ter&#8221;.<\/p>\n<p><strong>Cl\u00e9ber Lopes e a depend\u00eancia pol\u00edtica<\/strong> &#8211; Cl\u00e9ber Lopes tentou, em diversas ocasi\u00f5es, se distanciar de seu v\u00ednculo com o governador Ibaneis Rocha, mas suas falas deixaram claro que sua campanha est\u00e1 profundamente conectada aos interesses do governo. Ao ser questionado sobre as prerrogativas dos advogados p\u00f3s 8 de janeiro, Lopes declarou: &#8220;A OAB precisa ter uma posi\u00e7\u00e3o firme na defesa das prerrogativas. O di\u00e1logo \u00e9 importante, mas deve ser seguido de a\u00e7\u00f5es concretas&#8221;. No entanto, sua tentativa de se mostrar independente n\u00e3o convenceu, e ele foi visto como um candidato preso aos interesses pol\u00edticos do Pal\u00e1cio do Buriti.<\/p>\n<p><strong>Everardo Gueiros, consist\u00eancia e firmeza<\/strong> &#8211; O destaque da noite foi Everardo Gueiros, o &#8220;Vev\u00e9&#8221;, como foi carinhosamente chamado pelo mediador Carlos Alexandre. Desde o in\u00edcio, Everardo demonstrou consist\u00eancia em suas falas, abordando com firmeza e clareza os temas mais importantes para a advocacia. Sua cr\u00edtica mais contundente foi direcionada a Poli, ao compar\u00e1-lo \u00e0 personagem Pollyanna, ironizando o &#8220;mundo de sonhos&#8221; que Poli tentava retratar. &#8220;Eu acho que toda advocacia do Distrito Federal queria viver nesse mundo de Pollyanna, mas a verdade \u00e9 que a OAB n\u00e3o defende os advogados como deveria&#8221;, afirmou Everardo, refor\u00e7ando sua postura de lideran\u00e7a e capacidade de a\u00e7\u00e3o.<\/p>\n<p><strong>Prerrogativas e o 8 de janeiro<\/strong> &#8211; Um dos temas centrais do debate foi a atua\u00e7\u00e3o da OAB frente \u00e0s viola\u00e7\u00f5es das prerrogativas dos advogados ap\u00f3s o 8 de janeiro. Everardo Gueiros foi o \u00fanico candidato a abordar o tema com profundidade, destacando a necessidade de uma OAB mais combativa. Segundo ele, &#8220;A Ordem tem que ir al\u00e9m do di\u00e1logo e chamar para si a responsabilidade de defender as prerrogativas dos advogados que foram violadas ap\u00f3s os ataques de 8 de janeiro&#8221;. Sua fala ressoou como a mais pertinente e conectada com a realidade dos advogados.<\/p>\n<p>Outro tema de grande import\u00e2ncia tratado no debate foi a proposta de elei\u00e7\u00f5es diretas para o Conselho Federal da OAB. Everardo Gueiros se posicionou firmemente a favor, defendendo que a advocacia tenha mais participa\u00e7\u00e3o nesse processo e criticando o modelo atual, onde poucas pessoas decidem. Segundo Everardo: &#8220;Se podemos escolher diretamente o presidente da Rep\u00fablica, por que n\u00e3o podemos escolher diretamente o presidente do Conselho Federal da OAB?&#8221;. A defesa de uma OAB mais democr\u00e1tica e inclusiva tamb\u00e9m se estendeu ao apoio \u00e0 jovem advocacia e ao reconhecimento do advogado mais experiente.<\/p>\n<p>Everardo tamb\u00e9m destacou propostas importantes, como a cria\u00e7\u00e3o de um Clube da Ordem, que ofereceria benef\u00edcios \u00e0 advocacia, e a isen\u00e7\u00e3o de pagamento para advogados com mais de 60 anos, pessoas com defici\u00eancia e jovens advogados, como forma de aliviar os custos para essas categorias. Ele ainda ressaltou a necessidade de uma maior assist\u00eancia \u00e0 transi\u00e7\u00e3o de bachar\u00e9is para advogados, propondo um programa robusto de apoio para garantir que os novos profissionais tenham as ferramentas necess\u00e1rias para entrar no mercado de trabalho com seguran\u00e7a.<\/p>\n<p>Everardo Gueiros se destacou como uma op\u00e7\u00e3o ajustada \u00e0s transforma\u00e7\u00f5es necess\u00e1rias \u00e0 OAB brasiliense. Demonstrando profundo conhecimento das quest\u00f5es que afetam a advocacia e apresentando propostas claras para modernizar e fortalecer a Ordem, Vev\u00e9 deixou claro que est\u00e1 preparado para liderar a institui\u00e7\u00e3o e resgatar a OAB como protagonista na defesa das prerrogativas dos advogados. Ele enfatizou a import\u00e2ncia de retomar a relev\u00e2ncia da Ordem no cen\u00e1rio jur\u00eddico e pol\u00edtico, algo que seus advers\u00e1rios, presos em discursos vazios ou atitudes teatrais, n\u00e3o conseguiram demonstrar.<\/p>\n","protected":false},"excerpt":{"rendered":"<p>O debate promovido na noite de ter\u00e7a, 22, pelo pool TV Bras\u00edlia\/Correio Braziliense com os candidatos \u00e0 presid\u00eancia da seccional da Ordem dos Advogados do Brasil, revelou a clara divis\u00e3o de posturas e o grau da capacidade de articula\u00e7\u00e3o de cada postulante. O evento trouxe \u00e0 tona temas sens\u00edveis \u00e0 advocacia, especialmente sobre as prerrogativas [&hellip;]<\/p>\n","protected":false},"author":2,"featured_media":339234,"comment_status":"closed","ping_status":"closed","sticky":false,"template":"","format":"standard","meta":{"_acf_changed":false,"footnotes":""},"categories":[161],"tags":[],"class_list":["post-339233","post","type-post","status-publish","format-standard","has-post-thumbnail","hentry","category-quadradinho-em-foco"],"acf":[],"_links":{"self":[{"href":"https:\/\/www.notibras.com\/site\/wp-json\/wp\/v2\/posts\/339233","targetHints":{"allow":["GET"]}}],"collection":[{"href":"https:\/\/www.notibras.com\/site\/wp-json\/wp\/v2\/posts"}],"about":[{"href":"https:\/\/www.notibras.com\/site\/wp-json\/wp\/v2\/types\/post"}],"author":[{"embeddable":true,"href":"https:\/\/www.notibras.com\/site\/wp-json\/wp\/v2\/users\/2"}],"replies":[{"embeddable":true,"href":"https:\/\/www.notibras.com\/site\/wp-json\/wp\/v2\/comments?post=339233"}],"version-history":[{"count":1,"href":"https:\/\/www.notibras.com\/site\/wp-json\/wp\/v2\/posts\/339233\/revisions"}],"predecessor-version":[{"id":339235,"href":"https:\/\/www.notibras.com\/site\/wp-json\/wp\/v2\/posts\/339233\/revisions\/339235"}],"wp:featuredmedia":[{"embeddable":true,"href":"https:\/\/www.notibras.com\/site\/wp-json\/wp\/v2\/media\/339234"}],"wp:attachment":[{"href":"https:\/\/www.notibras.com\/site\/wp-json\/wp\/v2\/media?parent=339233"}],"wp:term":[{"taxonomy":"category","embeddable":true,"href":"https:\/\/www.notibras.com\/site\/wp-json\/wp\/v2\/categories?post=339233"},{"taxonomy":"post_tag","embeddable":true,"href":"https:\/\/www.notibras.com\/site\/wp-json\/wp\/v2\/tags?post=339233"}],"curies":[{"name":"wp","href":"https:\/\/api.w.org\/{rel}","templated":true}]}}