{"id":339239,"date":"2024-10-23T00:46:53","date_gmt":"2024-10-23T03:46:53","guid":{"rendered":"https:\/\/www.notibras.com\/site\/?p=339239"},"modified":"2024-10-23T07:48:52","modified_gmt":"2024-10-23T10:48:52","slug":"dino-anula-reeleicao-antecipada-de-alvaro-porto","status":"publish","type":"post","link":"https:\/\/www.notibras.com\/site\/dino-anula-reeleicao-antecipada-de-alvaro-porto\/","title":{"rendered":"Dino anula reelei\u00e7\u00e3o antecipada de \u00c1lvaro Porto"},"content":{"rendered":"<p>O ministro Fl\u00e1vio Dino, do STF, anulou a reelei\u00e7\u00e3o antecipada de \u00c1lvaro Porto (PSDB) como presidente da Assembleia Legislativa de Pernambuco para o bi\u00eanio 2025-2026.<\/p>\n<p>Dino acatou um pedido da PGR, que questionou a mudan\u00e7a no regimento interno que permitiu a elei\u00e7\u00e3o antecipada. A nova vota\u00e7\u00e3o deve ocorrer entre 1\u00ba de dezembro de 2023 e 1\u00ba de fevereiro de 2025, de acordo com as regras originais.<\/p>\n<p>Dino argumentou que a antecipa\u00e7\u00e3o eliminava a oportunidade de avaliar o desempenho e refletir mudan\u00e7as pol\u00edticas, prejudicando a representatividade democr\u00e1tica, informa o jornal Folha de S\u00e3o Paulo.<\/p>\n","protected":false},"excerpt":{"rendered":"<p>O ministro Fl\u00e1vio Dino, do STF, anulou a reelei\u00e7\u00e3o antecipada de \u00c1lvaro Porto (PSDB) como presidente da Assembleia Legislativa de Pernambuco para o bi\u00eanio 2025-2026. Dino acatou um pedido da PGR, que questionou a mudan\u00e7a no regimento interno que permitiu a elei\u00e7\u00e3o antecipada. A nova vota\u00e7\u00e3o deve ocorrer entre 1\u00ba de dezembro de 2023 e [&hellip;]<\/p>\n","protected":false},"author":2,"featured_media":323240,"comment_status":"closed","ping_status":"closed","sticky":false,"template":"","format":"standard","meta":{"_acf_changed":false,"footnotes":""},"categories":[165],"tags":[],"class_list":["post-339239","post","type-post","status-publish","format-standard","has-post-thumbnail","hentry","category-nordeste"],"acf":[],"_links":{"self":[{"href":"https:\/\/www.notibras.com\/site\/wp-json\/wp\/v2\/posts\/339239","targetHints":{"allow":["GET"]}}],"collection":[{"href":"https:\/\/www.notibras.com\/site\/wp-json\/wp\/v2\/posts"}],"about":[{"href":"https:\/\/www.notibras.com\/site\/wp-json\/wp\/v2\/types\/post"}],"author":[{"embeddable":true,"href":"https:\/\/www.notibras.com\/site\/wp-json\/wp\/v2\/users\/2"}],"replies":[{"embeddable":true,"href":"https:\/\/www.notibras.com\/site\/wp-json\/wp\/v2\/comments?post=339239"}],"version-history":[{"count":1,"href":"https:\/\/www.notibras.com\/site\/wp-json\/wp\/v2\/posts\/339239\/revisions"}],"predecessor-version":[{"id":339240,"href":"https:\/\/www.notibras.com\/site\/wp-json\/wp\/v2\/posts\/339239\/revisions\/339240"}],"wp:featuredmedia":[{"embeddable":true,"href":"https:\/\/www.notibras.com\/site\/wp-json\/wp\/v2\/media\/323240"}],"wp:attachment":[{"href":"https:\/\/www.notibras.com\/site\/wp-json\/wp\/v2\/media?parent=339239"}],"wp:term":[{"taxonomy":"category","embeddable":true,"href":"https:\/\/www.notibras.com\/site\/wp-json\/wp\/v2\/categories?post=339239"},{"taxonomy":"post_tag","embeddable":true,"href":"https:\/\/www.notibras.com\/site\/wp-json\/wp\/v2\/tags?post=339239"}],"curies":[{"name":"wp","href":"https:\/\/api.w.org\/{rel}","templated":true}]}}