{"id":339241,"date":"2024-10-23T00:31:04","date_gmt":"2024-10-23T03:31:04","guid":{"rendered":"https:\/\/www.notibras.com\/site\/?p=339241"},"modified":"2024-10-23T08:34:09","modified_gmt":"2024-10-23T11:34:09","slug":"cicero-lucena-lidera-disputa-em-joao-pessoa-com-591","status":"publish","type":"post","link":"https:\/\/www.notibras.com\/site\/cicero-lucena-lidera-disputa-em-joao-pessoa-com-591\/","title":{"rendered":"C\u00edcero Lucena lidera disputa em Jo\u00e3o Pessoa com 59,1%"},"content":{"rendered":"<p>A mais recente pesquisa AtlasIntel de inten\u00e7\u00e3o de voto em Jo\u00e3o Pessoa mostra o candidato \u00e0 reelei\u00e7\u00e3o C\u00edcero Lucena (PP) liderando com 59,1% das inten\u00e7\u00f5es de voto, contra 36,9% de Marcelo Queiroga (PL).<\/p>\n<p>Lucena se destaca entre ateus\/agn\u00f3sticos, pessoas com at\u00e9 o ensino fundamental e benefici\u00e1rios do Bolsa Fam\u00edlia, enquanto Queiroga tem mais apoio entre evang\u00e9licos e eleitores com renda entre R$ 3 mil e R$ 5 mil.<\/p>\n<p>Nos votos v\u00e1lidos, Lucena tem 61,6% e Queiroga, 38,4%. A pesquisa tamb\u00e9m revela que 55% aprovam a gest\u00e3o de Lucena, e os principais problemas apontados s\u00e3o criminalidade, sa\u00fade e engarrafamentos no tr\u00e2nsito.<\/p>\n","protected":false},"excerpt":{"rendered":"<p>A mais recente pesquisa AtlasIntel de inten\u00e7\u00e3o de voto em Jo\u00e3o Pessoa mostra o candidato \u00e0 reelei\u00e7\u00e3o C\u00edcero Lucena (PP) liderando com 59,1% das inten\u00e7\u00f5es de voto, contra 36,9% de Marcelo Queiroga (PL). Lucena se destaca entre ateus\/agn\u00f3sticos, pessoas com at\u00e9 o ensino fundamental e benefici\u00e1rios do Bolsa Fam\u00edlia, enquanto Queiroga tem mais apoio entre [&hellip;]<\/p>\n","protected":false},"author":2,"featured_media":339242,"comment_status":"closed","ping_status":"closed","sticky":false,"template":"","format":"standard","meta":{"_acf_changed":false,"footnotes":""},"categories":[165],"tags":[],"class_list":["post-339241","post","type-post","status-publish","format-standard","has-post-thumbnail","hentry","category-nordeste"],"acf":[],"_links":{"self":[{"href":"https:\/\/www.notibras.com\/site\/wp-json\/wp\/v2\/posts\/339241","targetHints":{"allow":["GET"]}}],"collection":[{"href":"https:\/\/www.notibras.com\/site\/wp-json\/wp\/v2\/posts"}],"about":[{"href":"https:\/\/www.notibras.com\/site\/wp-json\/wp\/v2\/types\/post"}],"author":[{"embeddable":true,"href":"https:\/\/www.notibras.com\/site\/wp-json\/wp\/v2\/users\/2"}],"replies":[{"embeddable":true,"href":"https:\/\/www.notibras.com\/site\/wp-json\/wp\/v2\/comments?post=339241"}],"version-history":[{"count":3,"href":"https:\/\/www.notibras.com\/site\/wp-json\/wp\/v2\/posts\/339241\/revisions"}],"predecessor-version":[{"id":339245,"href":"https:\/\/www.notibras.com\/site\/wp-json\/wp\/v2\/posts\/339241\/revisions\/339245"}],"wp:featuredmedia":[{"embeddable":true,"href":"https:\/\/www.notibras.com\/site\/wp-json\/wp\/v2\/media\/339242"}],"wp:attachment":[{"href":"https:\/\/www.notibras.com\/site\/wp-json\/wp\/v2\/media?parent=339241"}],"wp:term":[{"taxonomy":"category","embeddable":true,"href":"https:\/\/www.notibras.com\/site\/wp-json\/wp\/v2\/categories?post=339241"},{"taxonomy":"post_tag","embeddable":true,"href":"https:\/\/www.notibras.com\/site\/wp-json\/wp\/v2\/tags?post=339241"}],"curies":[{"name":"wp","href":"https:\/\/api.w.org\/{rel}","templated":true}]}}