{"id":339271,"date":"2024-10-24T03:52:04","date_gmt":"2024-10-24T06:52:04","guid":{"rendered":"https:\/\/www.notibras.com\/site\/?p=339271"},"modified":"2024-10-24T04:00:16","modified_gmt":"2024-10-24T07:00:16","slug":"pomba-do-psb-adota-voo-tucano-e-bobo-da-corte-vira-jantar-para-a-leoa","status":"publish","type":"post","link":"https:\/\/www.notibras.com\/site\/pomba-do-psb-adota-voo-tucano-e-bobo-da-corte-vira-jantar-para-a-leoa\/","title":{"rendered":"Pomba do PSB adota voo tucano e bobo da corte vira jantar para a Leoa"},"content":{"rendered":"<p>Maior economia da Am\u00e9rica Latina e maior col\u00e9gio eleitoral do pa\u00eds, S\u00e3o Paulo normalmente \u00e9 um cap\u00edtulo \u00e0 parte de qualquer livro que se escreva sobre a cidade ou o Estado. Ber\u00e7o do murismo, lan\u00e7ado nacionalmente pelo PSDB de M\u00e1rio Covas pai, Franco Montoro, Fernando Henrique Cardoso e Jos\u00e9 Serra, S\u00e3o Paulo j\u00e1 nos apresentou deputados de enorme lastro eleitoral, mas de pouco ou nenhum conte\u00fado pol\u00edtico. Me limitando a este s\u00e9culo, quem n\u00e3o se lembra de En\u00e9as, Clodovil Hernandes e, mais recentemente, Tiririca? Cada um em seu tempo, os tr\u00eas est\u00e3o na lista dos deputados mais votados do Brasil.<\/p>\n<p>E da\u00ed? Morreram ou se escafederam do cen\u00e1rio p\u00fablico e n\u00e3o deixaram saudades. Pelo contr\u00e1rio. Para sorte deles e de outros tamb\u00e9m bem votados, com ou sem eles, pior do que est\u00e1 n\u00e3o fica. Dissid\u00eancia do MDB de Paulo Brossard, Ulysses Guimar\u00e3es, Pedro Simon, entre outras \u201cferas\u201d, o perfil pendular dos tucanos fez escola em S\u00e3o Paulo. Socialista sem a mesma convic\u00e7\u00e3o de seus antigos membros, entre eles Jo\u00e3o Mangabeira, Saturnino Braga, Jos\u00e9 Paulo Bisol e Roberto Amaral, o PSB de Carlos Roberto Siqueira decidiu subir no muro e dele s\u00f3 vai descer ap\u00f3s o resultado do pleito paulistano.<\/p>\n<p>A tr\u00eas dias do segundo turno na capital, atendendo pedido da candidata derrotada Tabata Amaral, a Executiva Nacional do partido, por unanimidade, fechou quest\u00e3o em rela\u00e7\u00e3o a Guilherme Boulos (PSOL) e a Ricardo Nunes (MDB). Por ordem da diretoria cega, surda e muda do PSB, o comando municipal recomenda o voto em um, mas libera os filiados \u201cpara se posicionarem, se expressarem e votarem de acordo com suas consci\u00eancias e compreens\u00e3o pol\u00edtica\u201d. Ou seja, Boulos \u00e9 o cara e Nunes, apesar das cr\u00edticas, o cara da coroa.<\/p>\n<p>\u00c9 o exemplo t\u00edpico de dar com uma m\u00e3o, mas estender a outra para uma eventualidade qualquer. Na minha terra, esse tipo de posicionamento tem outro nome: dar mole para o prov\u00e1vel vitorioso. Tudo a ver com a ut\u00f3pica tese de um anarquista mexicano, mas equivocadamente atribu\u00edda a Che Guevara: \u201cHay Gobierno? Soy contra!\u201d. Tudo indica que, vencendo Boulos ou Nunes, a m\u00e1xima certamente ser\u00e1 diferente: \u201cHay una oportunidad? Voy estar all\u00ed!\u201d. Aportuguesando, \u201ctamo\u201d na \u00e1rea e, caso sobre uma boquinha, \u201ctamo\u201d dentro. Faz parte do jogo pol\u00edtico-partid\u00e1rio.<\/p>\n<p>\u00c9 o exemplo t\u00edpico de dar com uma m\u00e3o, mas estender a outra para uma eventualidade qualquer. Afinal, MDB e PSB pertencem ao Brasil que fecha com qualquer um que tenha \u201ccapacidade de equil\u00edbrio e lideran\u00e7a\u201d. Este \u00e9 o argumento da sigla socialista para antecipar seu apoio \u00e0 candidatura do senador Davi Alcolumbre (Uni\u00e3o Brasil-AP) \u00e0 presid\u00eancia do Senado. A elei\u00e7\u00e3o est\u00e1 marcada para fevereiro, mas, como seguro morreu de velho, primeiro meu pir\u00e3o. Na pol\u00edtica do Distrito Federal, o PSB saiu na frente e j\u00e1 anunciou a pr\u00e9-candidatura de Ricardo Cappelli ao Pal\u00e1cio do Buriti nas elei\u00e7\u00f5es de 2026.<\/p>\n<p>Chegado do ministro do STF Fl\u00e1vio Dino, de quem foi auxiliar direto no Minist\u00e9rio da Justi\u00e7a, Cappelli sabe que ser\u00e1 jogado aos le\u00f5es, particularmente \u00e0s leoas, normalmente muito mais ferozes. Eu n\u00e3o duvido da capacidade do ex-interventor federal na seguran\u00e7a do DF. Minha d\u00favida \u00e9 sobre o potencial do partido que, em 2018, n\u00e3o conseguiu reeleger o ent\u00e3o governador Rodrigo Rollemberg.<\/p>\n<p>Mesmo com a m\u00e1quina na m\u00e3o, Rollemberg e o PSB perderam para Ibaneis Rocha, o atual chefe do Executivo local. Para piorar, Rollemberg n\u00e3o conseguiu sequer uma cadeira na C\u00e2mara, em 2022. N\u00e3o podendo ficar a ver navios, foi socorrido pelo correligion\u00e1rio vice e ministro Geraldo Alckmin, com o cargo de secret\u00e1rio de Economia Verde, Descarboniza\u00e7\u00e3o e Bioind\u00fastria, do Minist\u00e9rio do Desenvolvimento, Ind\u00fastria, Com\u00e9rcio e Servi\u00e7os..<\/p>\n<p>Mas, como tamb\u00e9m adoro subir e n\u00e3o descer do muro, pode ser que, no futuro, opte por uma inexequ\u00edvel frente de esquerda liderada pelo PSB. Mas pode ser que n\u00e3o. Talvez seja sim. Quem viver, saber\u00e1.<\/p>\n<p><strong>*Mathuzal\u00e9m J\u00fanior \u00e9 jornalista profissional desde 1978<\/strong><\/p>\n","protected":false},"excerpt":{"rendered":"<p>Maior economia da Am\u00e9rica Latina e maior col\u00e9gio eleitoral do pa\u00eds, S\u00e3o Paulo normalmente \u00e9 um cap\u00edtulo \u00e0 parte de qualquer livro que se escreva sobre a cidade ou o Estado. Ber\u00e7o do murismo, lan\u00e7ado nacionalmente pelo PSDB de M\u00e1rio Covas pai, Franco Montoro, Fernando Henrique Cardoso e Jos\u00e9 Serra, S\u00e3o Paulo j\u00e1 nos apresentou [&hellip;]<\/p>\n","protected":false},"author":2,"featured_media":290509,"comment_status":"closed","ping_status":"closed","sticky":false,"template":"","format":"standard","meta":{"_acf_changed":false,"footnotes":""},"categories":[161],"tags":[95],"class_list":["post-339271","post","type-post","status-publish","format-standard","has-post-thumbnail","hentry","category-quadradinho-em-foco","tag-capa"],"acf":[],"_links":{"self":[{"href":"https:\/\/www.notibras.com\/site\/wp-json\/wp\/v2\/posts\/339271","targetHints":{"allow":["GET"]}}],"collection":[{"href":"https:\/\/www.notibras.com\/site\/wp-json\/wp\/v2\/posts"}],"about":[{"href":"https:\/\/www.notibras.com\/site\/wp-json\/wp\/v2\/types\/post"}],"author":[{"embeddable":true,"href":"https:\/\/www.notibras.com\/site\/wp-json\/wp\/v2\/users\/2"}],"replies":[{"embeddable":true,"href":"https:\/\/www.notibras.com\/site\/wp-json\/wp\/v2\/comments?post=339271"}],"version-history":[{"count":6,"href":"https:\/\/www.notibras.com\/site\/wp-json\/wp\/v2\/posts\/339271\/revisions"}],"predecessor-version":[{"id":339277,"href":"https:\/\/www.notibras.com\/site\/wp-json\/wp\/v2\/posts\/339271\/revisions\/339277"}],"wp:featuredmedia":[{"embeddable":true,"href":"https:\/\/www.notibras.com\/site\/wp-json\/wp\/v2\/media\/290509"}],"wp:attachment":[{"href":"https:\/\/www.notibras.com\/site\/wp-json\/wp\/v2\/media?parent=339271"}],"wp:term":[{"taxonomy":"category","embeddable":true,"href":"https:\/\/www.notibras.com\/site\/wp-json\/wp\/v2\/categories?post=339271"},{"taxonomy":"post_tag","embeddable":true,"href":"https:\/\/www.notibras.com\/site\/wp-json\/wp\/v2\/tags?post=339271"}],"curies":[{"name":"wp","href":"https:\/\/api.w.org\/{rel}","templated":true}]}}