{"id":339317,"date":"2024-10-24T00:00:43","date_gmt":"2024-10-24T03:00:43","guid":{"rendered":"https:\/\/www.notibras.com\/site\/?p=339317"},"modified":"2024-10-24T07:50:23","modified_gmt":"2024-10-24T10:50:23","slug":"pm-tera-1-mil-100-soldados-nas-ruas-para-as-eleicoes-de-domingo","status":"publish","type":"post","link":"https:\/\/www.notibras.com\/site\/pm-tera-1-mil-100-soldados-nas-ruas-para-as-eleicoes-de-domingo\/","title":{"rendered":"PM ter\u00e1 1 mil 100 soldados nas ruas para as elei\u00e7\u00f5es de domingo"},"content":{"rendered":"<p>Mais de 1.100 policiais militares ser\u00e3o mobilizados para garantir a seguran\u00e7a no 2\u00ba turno das elei\u00e7\u00f5es municipais em Aracaju. A opera\u00e7\u00e3o de seguran\u00e7a ser\u00e1 realizada das 13h desta sexta-feira (25) at\u00e9 a segunda-feira (28) \u00e0s 4h.<\/p>\n<p>As equipes da Pol\u00edcia Militar ser\u00e3o distribu\u00eddas entre as tr\u00eas zonas eleitorais da capital sergipana. Em cada um dos 175 locais de vota\u00e7\u00e3o, haver\u00e1 tr\u00eas policiais, totalizando 525 agentes destacados especificamente para esses locais.<\/p>\n<p>Al\u00e9m do policiamento regular, o esquema de seguran\u00e7a contar\u00e1 com refor\u00e7os de diversas unidades especializadas, como o Batalh\u00e3o de Pol\u00edcia de Radiopatrulha (BPRp), Batalh\u00e3o de Pol\u00edcia de Choque (BPChoque), Batalh\u00e3o de Policiamento de Tr\u00e2nsito (BPTran), entre outros.<\/p>\n<p>O apoio ser\u00e1 complementado por outras for\u00e7as de seguran\u00e7a, como a Pol\u00edcia Federal e a Pol\u00edcia Rodovi\u00e1ria Federal, assim como o Grupamento T\u00e1tico A\u00e9reo (GTA).<\/p>\n","protected":false},"excerpt":{"rendered":"<p>Mais de 1.100 policiais militares ser\u00e3o mobilizados para garantir a seguran\u00e7a no 2\u00ba turno das elei\u00e7\u00f5es municipais em Aracaju. A opera\u00e7\u00e3o de seguran\u00e7a ser\u00e1 realizada das 13h desta sexta-feira (25) at\u00e9 a segunda-feira (28) \u00e0s 4h. As equipes da Pol\u00edcia Militar ser\u00e3o distribu\u00eddas entre as tr\u00eas zonas eleitorais da capital sergipana. Em cada um dos [&hellip;]<\/p>\n","protected":false},"author":2,"featured_media":325853,"comment_status":"closed","ping_status":"closed","sticky":false,"template":"","format":"standard","meta":{"_acf_changed":false,"footnotes":""},"categories":[165],"tags":[],"class_list":["post-339317","post","type-post","status-publish","format-standard","has-post-thumbnail","hentry","category-nordeste"],"acf":[],"_links":{"self":[{"href":"https:\/\/www.notibras.com\/site\/wp-json\/wp\/v2\/posts\/339317","targetHints":{"allow":["GET"]}}],"collection":[{"href":"https:\/\/www.notibras.com\/site\/wp-json\/wp\/v2\/posts"}],"about":[{"href":"https:\/\/www.notibras.com\/site\/wp-json\/wp\/v2\/types\/post"}],"author":[{"embeddable":true,"href":"https:\/\/www.notibras.com\/site\/wp-json\/wp\/v2\/users\/2"}],"replies":[{"embeddable":true,"href":"https:\/\/www.notibras.com\/site\/wp-json\/wp\/v2\/comments?post=339317"}],"version-history":[{"count":1,"href":"https:\/\/www.notibras.com\/site\/wp-json\/wp\/v2\/posts\/339317\/revisions"}],"predecessor-version":[{"id":339318,"href":"https:\/\/www.notibras.com\/site\/wp-json\/wp\/v2\/posts\/339317\/revisions\/339318"}],"wp:featuredmedia":[{"embeddable":true,"href":"https:\/\/www.notibras.com\/site\/wp-json\/wp\/v2\/media\/325853"}],"wp:attachment":[{"href":"https:\/\/www.notibras.com\/site\/wp-json\/wp\/v2\/media?parent=339317"}],"wp:term":[{"taxonomy":"category","embeddable":true,"href":"https:\/\/www.notibras.com\/site\/wp-json\/wp\/v2\/categories?post=339317"},{"taxonomy":"post_tag","embeddable":true,"href":"https:\/\/www.notibras.com\/site\/wp-json\/wp\/v2\/tags?post=339317"}],"curies":[{"name":"wp","href":"https:\/\/api.w.org\/{rel}","templated":true}]}}