{"id":339319,"date":"2024-10-24T00:00:10","date_gmt":"2024-10-24T03:00:10","guid":{"rendered":"https:\/\/www.notibras.com\/site\/?p=339319"},"modified":"2024-10-24T07:53:23","modified_gmt":"2024-10-24T10:53:23","slug":"pedreiro-pega-14-anos-por-matar-por-ciume-primo-no-ceara","status":"publish","type":"post","link":"https:\/\/www.notibras.com\/site\/pedreiro-pega-14-anos-por-matar-por-ciume-primo-no-ceara\/","title":{"rendered":"Pedreiro pega 14 anos por matar por ci\u00fame primo no Cear\u00e1"},"content":{"rendered":"<p>Por um motivo torpe, o pedreiro Raimundo Bernardo foi condenado a 14 anos de pris\u00e3o pelo assassinato de seu primo, movido por ci\u00fames de sua esposa, no Bairro Jos\u00e9 Walter, em Fortaleza. O crime ocorreu no dia 8 de janeiro deste ano.<\/p>\n<p>De acordo com a den\u00fancia do Minist\u00e9rio P\u00fablico, Raimundo acreditava, sem provas, que sua esposa mantinha um relacionamento amoroso com a v\u00edtima, com quem ela trabalhava em uma oficina de conserto de m\u00e1quinas.<\/p>\n<p>No dia do crime, Raimundo esperou seu primo passar por uma via p\u00fablica e o esfaqueou fatalmente. Ap\u00f3s o ataque, ele tentou fugir, mas foi perseguido e quase linchado por uma multid\u00e3o. Embora tenha negado a autoria do crime, foi identificado por um familiar da v\u00edtima, com base em imagens de c\u00e2meras de seguran\u00e7a, e preso em flagrante.<\/p>\n<p>O julgamento ocorreu no Conselho de Senten\u00e7a da 1\u00aa Vara do J\u00fari da Comarca de Fortaleza, que condenou Raimundo por homic\u00eddio qualificado, considerando o motivo torpe.<\/p>\n<p>Al\u00e9m da pena de pris\u00e3o, ele dever\u00e1 pagar R$ 20 mil de indeniza\u00e7\u00e3o aos familiares da v\u00edtima. A pena ser\u00e1 cumprida inicialmente em regime fechado, sem possibilidade de recorrer em liberdade.<\/p>\n","protected":false},"excerpt":{"rendered":"<p>Por um motivo torpe, o pedreiro Raimundo Bernardo foi condenado a 14 anos de pris\u00e3o pelo assassinato de seu primo, movido por ci\u00fames de sua esposa, no Bairro Jos\u00e9 Walter, em Fortaleza. O crime ocorreu no dia 8 de janeiro deste ano. De acordo com a den\u00fancia do Minist\u00e9rio P\u00fablico, Raimundo acreditava, sem provas, que [&hellip;]<\/p>\n","protected":false},"author":2,"featured_media":339320,"comment_status":"closed","ping_status":"closed","sticky":false,"template":"","format":"standard","meta":{"_acf_changed":false,"footnotes":""},"categories":[165],"tags":[],"class_list":["post-339319","post","type-post","status-publish","format-standard","has-post-thumbnail","hentry","category-nordeste"],"acf":[],"_links":{"self":[{"href":"https:\/\/www.notibras.com\/site\/wp-json\/wp\/v2\/posts\/339319","targetHints":{"allow":["GET"]}}],"collection":[{"href":"https:\/\/www.notibras.com\/site\/wp-json\/wp\/v2\/posts"}],"about":[{"href":"https:\/\/www.notibras.com\/site\/wp-json\/wp\/v2\/types\/post"}],"author":[{"embeddable":true,"href":"https:\/\/www.notibras.com\/site\/wp-json\/wp\/v2\/users\/2"}],"replies":[{"embeddable":true,"href":"https:\/\/www.notibras.com\/site\/wp-json\/wp\/v2\/comments?post=339319"}],"version-history":[{"count":1,"href":"https:\/\/www.notibras.com\/site\/wp-json\/wp\/v2\/posts\/339319\/revisions"}],"predecessor-version":[{"id":339321,"href":"https:\/\/www.notibras.com\/site\/wp-json\/wp\/v2\/posts\/339319\/revisions\/339321"}],"wp:featuredmedia":[{"embeddable":true,"href":"https:\/\/www.notibras.com\/site\/wp-json\/wp\/v2\/media\/339320"}],"wp:attachment":[{"href":"https:\/\/www.notibras.com\/site\/wp-json\/wp\/v2\/media?parent=339319"}],"wp:term":[{"taxonomy":"category","embeddable":true,"href":"https:\/\/www.notibras.com\/site\/wp-json\/wp\/v2\/categories?post=339319"},{"taxonomy":"post_tag","embeddable":true,"href":"https:\/\/www.notibras.com\/site\/wp-json\/wp\/v2\/tags?post=339319"}],"curies":[{"name":"wp","href":"https:\/\/api.w.org\/{rel}","templated":true}]}}