{"id":339330,"date":"2024-10-24T00:02:11","date_gmt":"2024-10-24T03:02:11","guid":{"rendered":"https:\/\/www.notibras.com\/site\/?p=339330"},"modified":"2024-10-24T08:59:01","modified_gmt":"2024-10-24T11:59:01","slug":"programa-melhorias-habitacionais-transforma-lar-de-moradores","status":"publish","type":"post","link":"https:\/\/www.notibras.com\/site\/programa-melhorias-habitacionais-transforma-lar-de-moradores\/","title":{"rendered":"Programa Melhorias Habitacionais transforma lar de moradores"},"content":{"rendered":"<p>H\u00e1 anos, a auxiliar de servi\u00e7os gerais Maria Aparecida da Silva, 43 anos, sonhava com um lar digno para viver com os quatro filhos e a nora. O sonho foi concretizado na tarde desta quarta-feira (23), quando a fam\u00edlia recebeu de volta as chaves da casa localizada no Trecho 2 do Sol Nascente\/P\u00f4r do Sol. A resid\u00eancia passou por interven\u00e7\u00f5es pelo programa Melhorias Habitacionais, que oferece a pessoas em situa\u00e7\u00e3o de vulnerabilidade a possibilidade de reforma e reconstru\u00e7\u00e3o residenciais. A iniciativa \u00e9 conduzida pelo Governo do Distrito Federal (GDF), por meio da Companhia de Desenvolvimento Habitacional do Distrito Federal (Codhab).<\/p>\n<p>\u201cConfesso que nem imaginava que isso poderia acontecer. Mas, gra\u00e7as a Deus, aconteceu, e estou muito feliz. \u00c9 um sonho realizado. Hoje posso falar que estou dentro de um lar\u201d, diz, entre l\u00e1grimas a mulher que lembra das condi\u00e7\u00f5es anteriores da resid\u00eancia. \u201cAntes faltava reboco nas paredes. O ch\u00e3o estava muito danificado. Quando chovia, molhava dentro de casa. A gente passava boa parte da noite tirando a \u00e1gua\u201d, conta.<\/p>\n<p>\u201cTudo mudou. \u00c9 al\u00e9m daquilo que eu esperava. Se fosse depender s\u00f3 de mim, eu jamais teria condi\u00e7\u00f5es de fazer essa reforma. Por isso, quando eu abri o port\u00e3o e vi tudo isso, eu me senti alegre e grata. Agora posso falar para os meus filhos que estamos bem\u201d, complementa Maria Aparecida que \u00e9 a \u00fanica fonte de renda da casa. Ela trabalha na limpeza do Hospital do Sol.<\/p>\n<p>Foram investidos quase R$ 50 mil na reforma que contou com troca parcial do telhado, instala\u00e7\u00e3o de contrapiso, piso cer\u00e2mico e novas pe\u00e7as na cozinha, banheiro e lavanderia, substitui\u00e7\u00e3o da rede el\u00e9trica e dos pontos hidrossanit\u00e1rios, implanta\u00e7\u00e3o de forro de PVC e de esquadrias e acabamento com textura acr\u00edlica nas paredes internas e externas.<\/p>\n<p>\u201cSempre priorizamos o que \u00e9 mais dif\u00edcil para o morador arcar, seja por custos ou complexidade t\u00e9cnica. Aqui o foco foi o acabamento, a troca das telhas e as instala\u00e7\u00f5es el\u00e9tricas, porque a estrutura e as alvenarias j\u00e1 eram existentes. Nosso trabalho foi de melhoria mesmo, dando mais seguran\u00e7a aos moradores, melhorando a entrada da luz e criando um ambiente apropriado, porque antes eles tinham muitos transtornos\u201d, revela a arquiteta da Codhab Raiane Gomes.<\/p>\n<p><strong>Mais dignidade<\/strong><br \/>\nA fam\u00edlia de Maria Aparecida se junta a outras 180 que j\u00e1 foram beneficiadas pelo programa Melhorias Habitacionais desde 2019, quando o GDF j\u00e1 investiu mais de R$ 5 milh\u00f5es em obras. S\u00e3o atendidas fam\u00edlias com renda mensal de at\u00e9 tr\u00eas sal\u00e1rios m\u00ednimos e moradores do DF h\u00e1 pelo menos cinco anos em \u00e1reas pr\u00f3prias de interesse social regularizadas ou pass\u00edveis de regulariza\u00e7\u00e3o.<\/p>\n<p>Ap\u00f3s serem selecionados, os benefici\u00e1rios s\u00e3o visitados por uma assist\u00eancia social que faz a qualifica\u00e7\u00e3o e a habilita\u00e7\u00e3o social conforme a legisla\u00e7\u00e3o, e depois por um grupo de t\u00e9cnicos, composto por arquitetos e engenheiros, que faz a verifica\u00e7\u00e3o da solu\u00e7\u00e3o adequada para a resid\u00eancia, se reconstru\u00e7\u00e3o ou reforma.<\/p>\n<p>\u201cNo Brasil, a Codhab \u00e9 refer\u00eancia nesse programa. O nosso diferencial \u00e9 que em vez de oferecermos kits e solu\u00e7\u00f5es prontas, n\u00f3s temos solu\u00e7\u00f5es personalizadas para cada fam\u00edlia. A gente vai at\u00e9 a resid\u00eancia do morador para levar uma resolu\u00e7\u00e3o t\u00e9cnica da problem\u00e1tica dele\u201d, destaca o gerente da Codhab Mozzer Andrade.<\/p>\n","protected":false},"excerpt":{"rendered":"<p>H\u00e1 anos, a auxiliar de servi\u00e7os gerais Maria Aparecida da Silva, 43 anos, sonhava com um lar digno para viver com os quatro filhos e a nora. O sonho foi concretizado na tarde desta quarta-feira (23), quando a fam\u00edlia recebeu de volta as chaves da casa localizada no Trecho 2 do Sol Nascente\/P\u00f4r do Sol. [&hellip;]<\/p>\n","protected":false},"author":2,"featured_media":339331,"comment_status":"closed","ping_status":"closed","sticky":false,"template":"","format":"standard","meta":{"_acf_changed":false,"footnotes":""},"categories":[161],"tags":[],"class_list":["post-339330","post","type-post","status-publish","format-standard","has-post-thumbnail","hentry","category-quadradinho-em-foco"],"acf":[],"_links":{"self":[{"href":"https:\/\/www.notibras.com\/site\/wp-json\/wp\/v2\/posts\/339330","targetHints":{"allow":["GET"]}}],"collection":[{"href":"https:\/\/www.notibras.com\/site\/wp-json\/wp\/v2\/posts"}],"about":[{"href":"https:\/\/www.notibras.com\/site\/wp-json\/wp\/v2\/types\/post"}],"author":[{"embeddable":true,"href":"https:\/\/www.notibras.com\/site\/wp-json\/wp\/v2\/users\/2"}],"replies":[{"embeddable":true,"href":"https:\/\/www.notibras.com\/site\/wp-json\/wp\/v2\/comments?post=339330"}],"version-history":[{"count":1,"href":"https:\/\/www.notibras.com\/site\/wp-json\/wp\/v2\/posts\/339330\/revisions"}],"predecessor-version":[{"id":339332,"href":"https:\/\/www.notibras.com\/site\/wp-json\/wp\/v2\/posts\/339330\/revisions\/339332"}],"wp:featuredmedia":[{"embeddable":true,"href":"https:\/\/www.notibras.com\/site\/wp-json\/wp\/v2\/media\/339331"}],"wp:attachment":[{"href":"https:\/\/www.notibras.com\/site\/wp-json\/wp\/v2\/media?parent=339330"}],"wp:term":[{"taxonomy":"category","embeddable":true,"href":"https:\/\/www.notibras.com\/site\/wp-json\/wp\/v2\/categories?post=339330"},{"taxonomy":"post_tag","embeddable":true,"href":"https:\/\/www.notibras.com\/site\/wp-json\/wp\/v2\/tags?post=339330"}],"curies":[{"name":"wp","href":"https:\/\/api.w.org\/{rel}","templated":true}]}}