{"id":339333,"date":"2024-10-24T11:09:51","date_gmt":"2024-10-24T14:09:51","guid":{"rendered":"https:\/\/www.notibras.com\/site\/?p=339333"},"modified":"2024-10-24T11:35:07","modified_gmt":"2024-10-24T14:35:07","slug":"notibras-desperta-em-alunos-da-rede-publica-interesse-por-literatura","status":"publish","type":"post","link":"https:\/\/www.notibras.com\/site\/notibras-desperta-em-alunos-da-rede-publica-interesse-por-literatura\/","title":{"rendered":"Notibras desperta em alunos da rede p\u00fablica interesse por literatura"},"content":{"rendered":"<p>Alunos do Centro de Ensino Fundamental 102 Norte (CEF 102 Norte), na Asa Norte, h\u00e1 tr\u00eas anos utilizam contos e cr\u00f4nicas do escritor Eduardo Mart\u00ednez, cujos textos s\u00e3o publicados diariamente aqui em <strong>Notibras<\/strong> na editoria Quadradinho em Foco. Essa iniciativa partiu do professor Leandro Mendes, grande entusiasta da literatura nacional.<\/p>\n<p>Eduardo esteve recentemente no CEF 102 Norte e conversou com v\u00e1rias turmas. Nesse encontro, foi proposto pelo professor Leandro que os estudantes criassem textos liter\u00e1rios falando sobre aquele momento. E, entre tantos maravilhosos contos, cr\u00f4nicas e poesias produzidos, um chamou a aten\u00e7\u00e3o do escritor, que, emocionado, me confidenciou: \u201cCeci, olha o que a Elo\u00e1, uma menina de apenas 11 anos, escreveu em menos de 20 minutos.\u201d<\/p>\n<p>Elo\u00e1 Dias Leal Farias, aluna do 6\u00ba Ano do CEF 102 Norte, \u00e9 a prova de que o trabalho do professor Leandro j\u00e1 deu certo. N\u00e3o sabemos se a pequena poetisa ir\u00e1 prosseguir no of\u00edcio da escrita. No entanto, talento n\u00e3o lhe falta.<\/p>\n<p>Veja a seguir o original na folha do caderno e a transcri\u00e7\u00e3o do texto de Elo\u00e1 <span class=\"x19la9d6 x1fc57z9 x6ikm8r x10wlt62 x19co3pv x1g5zs5t xfibh0p xiy17q3 x1xsqp64 x1lkfr7t xexx8yu x4uap5 x18d9i69 xkhd6sd\"><span class=\"xrtxmta x1bhl96m\">&#x1f447;&#x1f3ff;<\/span><\/span><span class=\"x19la9d6 x1fc57z9 x6ikm8r x10wlt62 x19co3pv x1g5zs5t xfibh0p xiy17q3 x1xsqp64 x1lkfr7t xexx8yu x4uap5 x18d9i69 xkhd6sd\"><span class=\"xrtxmta x1bhl96m\">&#x1f447;&#x1f3ff;<\/span><\/span><\/p>\n<p><strong>Um autor<\/strong><br \/>\n<strong>Elo\u00e1 Dias Leal Farias<\/strong><\/p>\n<p><img loading=\"lazy\" decoding=\"async\" class=\"alignnone wp-image-339335\" src=\"https:\/\/www.notibras.com\/site\/wp-content\/uploads\/2024\/10\/eloatranscricao48fe1089-7883-4df3-8a69-81551c872929-300x270.jpeg\" alt=\"\" width=\"401\" height=\"361\" srcset=\"https:\/\/www.notibras.com\/site\/wp-content\/uploads\/2024\/10\/eloatranscricao48fe1089-7883-4df3-8a69-81551c872929-300x270.jpeg 300w, https:\/\/www.notibras.com\/site\/wp-content\/uploads\/2024\/10\/eloatranscricao48fe1089-7883-4df3-8a69-81551c872929-1024x921.jpeg 1024w, https:\/\/www.notibras.com\/site\/wp-content\/uploads\/2024\/10\/eloatranscricao48fe1089-7883-4df3-8a69-81551c872929-768x691.jpeg 768w, https:\/\/www.notibras.com\/site\/wp-content\/uploads\/2024\/10\/eloatranscricao48fe1089-7883-4df3-8a69-81551c872929.jpeg 1148w\" sizes=\"auto, (max-width: 401px) 100vw, 401px\" \/><\/p>\n<p>Ele \u00e9 \u00fanico<br \/>\nEle tem sua hist\u00f3ria<br \/>\nDando uma oportunidade para nossa Escola<br \/>\nDe ter um momento especial<br \/>\nCom imagina\u00e7\u00e3o e muita anima\u00e7\u00e3o<br \/>\nAtividades de cria\u00e7\u00e3o<br \/>\nE momentos imperd\u00edveis<br \/>\nVoc\u00ea gosta de escrever?<br \/>\nEnt\u00e3o venha conhecer<br \/>\nEduardo Mart\u00ednez<br \/>\nUm escritor criativo pra valer!<\/p>\n","protected":false},"excerpt":{"rendered":"<p>Alunos do Centro de Ensino Fundamental 102 Norte (CEF 102 Norte), na Asa Norte, h\u00e1 tr\u00eas anos utilizam contos e cr\u00f4nicas do escritor Eduardo Mart\u00ednez, cujos textos s\u00e3o publicados diariamente aqui em Notibras na editoria Quadradinho em Foco. Essa iniciativa partiu do professor Leandro Mendes, grande entusiasta da literatura nacional. Eduardo esteve recentemente no CEF [&hellip;]<\/p>\n","protected":false},"author":2,"featured_media":339334,"comment_status":"closed","ping_status":"closed","sticky":false,"template":"","format":"standard","meta":{"_acf_changed":false,"footnotes":""},"categories":[161],"tags":[95],"class_list":["post-339333","post","type-post","status-publish","format-standard","has-post-thumbnail","hentry","category-quadradinho-em-foco","tag-capa"],"acf":[],"_links":{"self":[{"href":"https:\/\/www.notibras.com\/site\/wp-json\/wp\/v2\/posts\/339333","targetHints":{"allow":["GET"]}}],"collection":[{"href":"https:\/\/www.notibras.com\/site\/wp-json\/wp\/v2\/posts"}],"about":[{"href":"https:\/\/www.notibras.com\/site\/wp-json\/wp\/v2\/types\/post"}],"author":[{"embeddable":true,"href":"https:\/\/www.notibras.com\/site\/wp-json\/wp\/v2\/users\/2"}],"replies":[{"embeddable":true,"href":"https:\/\/www.notibras.com\/site\/wp-json\/wp\/v2\/comments?post=339333"}],"version-history":[{"count":6,"href":"https:\/\/www.notibras.com\/site\/wp-json\/wp\/v2\/posts\/339333\/revisions"}],"predecessor-version":[{"id":339341,"href":"https:\/\/www.notibras.com\/site\/wp-json\/wp\/v2\/posts\/339333\/revisions\/339341"}],"wp:featuredmedia":[{"embeddable":true,"href":"https:\/\/www.notibras.com\/site\/wp-json\/wp\/v2\/media\/339334"}],"wp:attachment":[{"href":"https:\/\/www.notibras.com\/site\/wp-json\/wp\/v2\/media?parent=339333"}],"wp:term":[{"taxonomy":"category","embeddable":true,"href":"https:\/\/www.notibras.com\/site\/wp-json\/wp\/v2\/categories?post=339333"},{"taxonomy":"post_tag","embeddable":true,"href":"https:\/\/www.notibras.com\/site\/wp-json\/wp\/v2\/tags?post=339333"}],"curies":[{"name":"wp","href":"https:\/\/api.w.org\/{rel}","templated":true}]}}