{"id":339371,"date":"2024-10-25T05:32:50","date_gmt":"2024-10-25T08:32:50","guid":{"rendered":"https:\/\/www.notibras.com\/site\/?p=339371"},"modified":"2024-10-25T05:36:12","modified_gmt":"2024-10-25T08:36:12","slug":"mare-morta-esconde-tudo-menos-a-paz-do-litoral","status":"publish","type":"post","link":"https:\/\/www.notibras.com\/site\/mare-morta-esconde-tudo-menos-a-paz-do-litoral\/","title":{"rendered":"&#8216;Mar\u00e9 Morta&#8217; esconde tudo, menos a paz do litoral"},"content":{"rendered":"<p>De repente, sil\u00eancio. Nem o quebrar das ondas violentas na areia, as gaivotas desaparecem, os peixes mergulham para longe, os banhistas se recolhem em suas casas e at\u00e9 os bares ficam vazios. Tudo por conta da mar\u00e9 morta, ou mar\u00e9 buchuda, uma caracter\u00edstica natural que ocorre nas regi\u00f5es litor\u00e2neas, especialmente em locais onde o ciclo das mar\u00e9s tem grande influ\u00eancia sobre a vida cotidiana, como no Nordeste.<\/p>\n<p>Essa express\u00e3o, compartilhada de sabor popular, representa uma mar\u00e9 de baixa amplitude, ou seja, quando h\u00e1 pouca varia\u00e7\u00e3o entre a mar\u00e9 alta e a mar\u00e9 baixa. No linguajar dos nordestinos, a mar\u00e9 parece &#8220;morta&#8221;, ou &#8220;buchuda&#8221; (gr\u00e1vida), porque quase n\u00e3o se movimenta, como se estivesse &#8220;pesada&#8221; ou em repouso.<\/p>\n<p>O interessante desse fen\u00f4meno, iniciado na quinta, 24, e que deve se estender at\u00e9 o domingo, 27, quando teremos um novo ciclo lunar, \u00e9 percebido e narrado por quem vive do mar ou perto dele. Para pescadores e marisqueiras, a mar\u00e9 morta traz desafios. Durante esses dias, o mar n\u00e3o se afasta o suficiente para permitir que se recolham mariscos ou o acesso a locais de pesca mais distantes. O oceano parece respirar de forma mais lenta e suave, e as atividades que dependem diretamente das mar\u00e9s tornam-se menos produtivas.<\/p>\n<p>Por outro lado, esse aspecto tamb\u00e9m carrega uma certa tranquilidade. Sem o vaiv\u00e9m intenso das \u00e1guas, as praias ficam mais calmas, as ondas menores, e o litoral parece reservado, em um intervalo de paz antes que a for\u00e7a da mar\u00e9 viva (o oposto da mar\u00e9 morta) retorne com vigor.<\/p>\n<p>Na cultura nordestina, especialmente entre as comunidades litor\u00e2neas, esses ciclos naturais moldam tanto o cotidiano quanto as tradi\u00e7\u00f5es locais. Mar\u00e9 morta \u00e9 sin\u00f4nimo de paci\u00eancia, de esperan\u00e7a pela abund\u00e2ncia que vir\u00e1 com o movimento das \u00e1guas. Afinal, a sabedoria popular ensina que o mar \u00e9 c\u00edclico e, assim como a vida, tem seus momentos de mar\u00e9 cheia e mar\u00e9 baixa, de fartura e escassez, mas sempre em movimento.<\/p>\n<p>Essa mar\u00e9 tamb\u00e9m est\u00e1 associada, num di\u00e1logo \u00edmpar, com a pr\u00f3pria filosofia de vida das localidades ribeirinhas e costeiras. Saber entender os tempos de calmaria e os de melhoria faz parte da sobreviv\u00eancia e da tradi\u00e7\u00e3o. E, como tudo na cultura nordestina, a mar\u00e9 morta n\u00e3o \u00e9 apenas um evento f\u00edsico, mas uma met\u00e1fora po\u00e9tica sobre a vida.<\/p>\n","protected":false},"excerpt":{"rendered":"<p>De repente, sil\u00eancio. Nem o quebrar das ondas violentas na areia, as gaivotas desaparecem, os peixes mergulham para longe, os banhistas se recolhem em suas casas e at\u00e9 os bares ficam vazios. Tudo por conta da mar\u00e9 morta, ou mar\u00e9 buchuda, uma caracter\u00edstica natural que ocorre nas regi\u00f5es litor\u00e2neas, especialmente em locais onde o ciclo [&hellip;]<\/p>\n","protected":false},"author":2,"featured_media":339372,"comment_status":"closed","ping_status":"closed","sticky":false,"template":"","format":"standard","meta":{"_acf_changed":false,"footnotes":""},"categories":[165],"tags":[],"class_list":["post-339371","post","type-post","status-publish","format-standard","has-post-thumbnail","hentry","category-nordeste"],"acf":[],"_links":{"self":[{"href":"https:\/\/www.notibras.com\/site\/wp-json\/wp\/v2\/posts\/339371","targetHints":{"allow":["GET"]}}],"collection":[{"href":"https:\/\/www.notibras.com\/site\/wp-json\/wp\/v2\/posts"}],"about":[{"href":"https:\/\/www.notibras.com\/site\/wp-json\/wp\/v2\/types\/post"}],"author":[{"embeddable":true,"href":"https:\/\/www.notibras.com\/site\/wp-json\/wp\/v2\/users\/2"}],"replies":[{"embeddable":true,"href":"https:\/\/www.notibras.com\/site\/wp-json\/wp\/v2\/comments?post=339371"}],"version-history":[{"count":4,"href":"https:\/\/www.notibras.com\/site\/wp-json\/wp\/v2\/posts\/339371\/revisions"}],"predecessor-version":[{"id":339376,"href":"https:\/\/www.notibras.com\/site\/wp-json\/wp\/v2\/posts\/339371\/revisions\/339376"}],"wp:featuredmedia":[{"embeddable":true,"href":"https:\/\/www.notibras.com\/site\/wp-json\/wp\/v2\/media\/339372"}],"wp:attachment":[{"href":"https:\/\/www.notibras.com\/site\/wp-json\/wp\/v2\/media?parent=339371"}],"wp:term":[{"taxonomy":"category","embeddable":true,"href":"https:\/\/www.notibras.com\/site\/wp-json\/wp\/v2\/categories?post=339371"},{"taxonomy":"post_tag","embeddable":true,"href":"https:\/\/www.notibras.com\/site\/wp-json\/wp\/v2\/tags?post=339371"}],"curies":[{"name":"wp","href":"https:\/\/api.w.org\/{rel}","templated":true}]}}