{"id":339380,"date":"2024-10-25T00:00:17","date_gmt":"2024-10-25T03:00:17","guid":{"rendered":"https:\/\/www.notibras.com\/site\/?p=339380"},"modified":"2024-10-25T05:50:17","modified_gmt":"2024-10-25T08:50:17","slug":"carmen-lucia-convida-eleitores-a-votarem-no-segundo-turno","status":"publish","type":"post","link":"https:\/\/www.notibras.com\/site\/carmen-lucia-convida-eleitores-a-votarem-no-segundo-turno\/","title":{"rendered":"C\u00e1rmen L\u00facia convida eleitores a votarem no segundo turno"},"content":{"rendered":"<p>A presidente do Tribunal Superior Eleitoral (TSE), ministra C\u00e1rmen L\u00facia, convidou os eleitores a comparecerem \u00e0s urnas no pr\u00f3ximo domingo (27), data do segundo turno das elei\u00e7\u00f5es municipais.<\/p>\n<p>Os eleitores de algumas capitais e de munic\u00edpios munic\u00edpios voltam \u00e0s urnas para eleger os prefeitos que disputam os cargos. 33,9 milh\u00f5es de eleitores est\u00e3o aptos a votar. N\u00e3o h\u00e1 segundo turno para a disputa ao cargo de vereador.<\/p>\n<p>Ao conclamar o eleitor a votar, C\u00e1rmen L\u00facia disse que o voto \u00e9 uma ben\u00e7\u00e3o da democracia.<\/p>\n<p>&#8220;A Justi\u00e7a Eleitoral convida as eleitoras e os eleitores que compare\u00e7am \u00e0s urnas. O voto \u00e9 uma ben\u00e7\u00e3o democr\u00e1tica. Em nome dos que vieram antes de n\u00f3s e que lutaram para que n\u00f3s tiv\u00e9ssemos esse direito fundamental de votar, em nome dos que vierem depois de n\u00f3s, que precisam de ter um Estado democr\u00e1tico, uma sociedade democr\u00e1tica da qual o voto \u00e9 um gesto da participa\u00e7\u00e3o livre&#8221;, afirmou.<\/p>\n<p>A ministra tamb\u00e9m ressaltou que quem n\u00e3o votou no primeiro turno pode votar no segundo.<\/p>\n<p>&#8220;Se voc\u00ea [eleitor] n\u00e3o votou no primeiro turno, n\u00e3o tem import\u00e2ncia. Pode comparecer com t\u00edtulo de eleitor ou com outro documento com foto para que exer\u00e7a seu direito, que tamb\u00e9m \u00e9 um dever c\u00edvico com a sociedade brasileira&#8221;, completou.<\/p>\n<p><strong>Justificativa<\/strong><br \/>\nOs eleitores que n\u00e3o puderem comparecer ao pleito dever\u00e3o fazer a justificativa de aus\u00eancia na vota\u00e7\u00e3o. Assim como ocorreu no primeiro turno, n\u00e3o h\u00e1 possibilidade de voto em tr\u00e2nsito no segundo.<\/p>\n<p>No dia da elei\u00e7\u00e3o, o cidad\u00e3o pode fazer sua justificativa de aus\u00eancia por meio do aplicativo E-t\u00edtulo da Justi\u00e7a Eleitoral ou por meio de pontos f\u00edsicos montados pelos tribunais regionais eleitorais (TREs) no dia do pleito.<\/p>\n<p>O app pode ser baixado gratuitamente nas lojas virtuais Apple e Android at\u00e9 s\u00e1bado (26), v\u00e9spera da elei\u00e7\u00e3o.<\/p>\n","protected":false},"excerpt":{"rendered":"<p>A presidente do Tribunal Superior Eleitoral (TSE), ministra C\u00e1rmen L\u00facia, convidou os eleitores a comparecerem \u00e0s urnas no pr\u00f3ximo domingo (27), data do segundo turno das elei\u00e7\u00f5es municipais. Os eleitores de algumas capitais e de munic\u00edpios munic\u00edpios voltam \u00e0s urnas para eleger os prefeitos que disputam os cargos. 33,9 milh\u00f5es de eleitores est\u00e3o aptos a [&hellip;]<\/p>\n","protected":false},"author":2,"featured_media":339381,"comment_status":"closed","ping_status":"closed","sticky":false,"template":"","format":"standard","meta":{"_acf_changed":false,"footnotes":""},"categories":[165],"tags":[],"class_list":["post-339380","post","type-post","status-publish","format-standard","has-post-thumbnail","hentry","category-nordeste"],"acf":[],"_links":{"self":[{"href":"https:\/\/www.notibras.com\/site\/wp-json\/wp\/v2\/posts\/339380","targetHints":{"allow":["GET"]}}],"collection":[{"href":"https:\/\/www.notibras.com\/site\/wp-json\/wp\/v2\/posts"}],"about":[{"href":"https:\/\/www.notibras.com\/site\/wp-json\/wp\/v2\/types\/post"}],"author":[{"embeddable":true,"href":"https:\/\/www.notibras.com\/site\/wp-json\/wp\/v2\/users\/2"}],"replies":[{"embeddable":true,"href":"https:\/\/www.notibras.com\/site\/wp-json\/wp\/v2\/comments?post=339380"}],"version-history":[{"count":1,"href":"https:\/\/www.notibras.com\/site\/wp-json\/wp\/v2\/posts\/339380\/revisions"}],"predecessor-version":[{"id":339382,"href":"https:\/\/www.notibras.com\/site\/wp-json\/wp\/v2\/posts\/339380\/revisions\/339382"}],"wp:featuredmedia":[{"embeddable":true,"href":"https:\/\/www.notibras.com\/site\/wp-json\/wp\/v2\/media\/339381"}],"wp:attachment":[{"href":"https:\/\/www.notibras.com\/site\/wp-json\/wp\/v2\/media?parent=339380"}],"wp:term":[{"taxonomy":"category","embeddable":true,"href":"https:\/\/www.notibras.com\/site\/wp-json\/wp\/v2\/categories?post=339380"},{"taxonomy":"post_tag","embeddable":true,"href":"https:\/\/www.notibras.com\/site\/wp-json\/wp\/v2\/tags?post=339380"}],"curies":[{"name":"wp","href":"https:\/\/api.w.org\/{rel}","templated":true}]}}