{"id":339388,"date":"2024-10-25T00:25:48","date_gmt":"2024-10-25T03:25:48","guid":{"rendered":"https:\/\/www.notibras.com\/site\/?p=339388"},"modified":"2024-10-25T06:27:43","modified_gmt":"2024-10-25T09:27:43","slug":"planetario-tem-exposicao-sobre-nanossatelite-feito-na-unb","status":"publish","type":"post","link":"https:\/\/www.notibras.com\/site\/planetario-tem-exposicao-sobre-nanossatelite-feito-na-unb\/","title":{"rendered":"Planet\u00e1rio tem exposi\u00e7\u00e3o sobre nanossat\u00e9lite feito na UnB"},"content":{"rendered":"<p>Uma r\u00e9plica do primeiro nanossat\u00e9lite produzido em Bras\u00edlia ficar\u00e1 exposta no planet\u00e1rio Luiz Cruls, da capital federal, a partir de quinta-feira (24). O AlfaCrux, que foi criado por uma equipe de professores e alunos da Universidade de Bras\u00edlia (UnB), ficou na \u00f3rbita da Terra de abril de 2022 at\u00e9 abril deste ano.<\/p>\n<p>O equipamento coletou dados sobre queimadas e desmatamento na Amaz\u00f4nia e no Cerrado. O professor da UnB, Geovany Borges, que participa da iniciativa, diz que o maior legado \u00e9 o conhecimento.<\/p>\n<p>\u201cA satisfa\u00e7\u00e3o de qualquer projeto de pesquisa \u00e9 voc\u00ea ver que a coisa est\u00e1 funcionando e est\u00e1 atendendo a o que a gente esperava. O mais importante do AlfaCrux \u00e9 que foi uma qualifica\u00e7\u00e3o da equipe, \u00e9 aquela coisa do saber fazer que foi bastante desenvolvida. N\u00f3s temos infraestrutura que foi montada para dar continua\u00e7\u00e3o, que \u00e9 o projeto voltado para o monitoramento ambiental\u201d, diz o professor.<\/p>\n<p>O presidente da Funda\u00e7\u00e3o de Apoio \u00e0 Pesquisa do Distrito Federal, Marco Ant\u00f4nio Costa J\u00fanior, diz que os dados coletados v\u00e3o ajudar a lidar com problemas ambientais da regi\u00e3o. \u201cEsses dados est\u00e3o sendo analisados para poder tirar conclus\u00f5es para solu\u00e7\u00f5es vi\u00e1veis para esses problemas que assolam o Distrito Federal, o Cerrado, enfim, este ano o Brasil inteiro\u201d.<\/p>\n<p>O Brasil tem dez sat\u00e9lites em \u00f3rbita atualmente. O presidente da Ag\u00eancia Espacial Brasileira, Marcos Chamom, avalia que o AlfaCrux \u00e9 um dos que tem melhor resultado. Ele espera mais projetos nessa linha.<\/p>\n<p>\u201cAs Universidades v\u00e3o ser chamadas a fazer mais trabalhos desse tipo, tem algumas que j\u00e1 est\u00e3o trabalhando. N\u00f3s temos sete cursos de gradua\u00e7\u00e3o e p\u00f3s-gradua\u00e7\u00e3o aero espaciais no Brasil, eu acho que todas essas universidades deveriam trabalhar com isso. Ent\u00e3o, eu acho que isso tende a crescer muito no pa\u00eds\u201d, avalia Chamom.<\/p>\n<p>A exposi\u00e7\u00e3o no planet\u00e1rio de Bras\u00edlia tem pain\u00e9is interativos, v\u00eddeo na c\u00fapula 360 que mostra o lan\u00e7amento e a r\u00e9plica do sat\u00e9lite, em formato de um cubo com 10 cm de lado e pesando cerca de 1 kg. O original se desintegrou na atmosfera quando a miss\u00e3o terminou.<\/p>\n","protected":false},"excerpt":{"rendered":"<p>Uma r\u00e9plica do primeiro nanossat\u00e9lite produzido em Bras\u00edlia ficar\u00e1 exposta no planet\u00e1rio Luiz Cruls, da capital federal, a partir de quinta-feira (24). O AlfaCrux, que foi criado por uma equipe de professores e alunos da Universidade de Bras\u00edlia (UnB), ficou na \u00f3rbita da Terra de abril de 2022 at\u00e9 abril deste ano. O equipamento coletou [&hellip;]<\/p>\n","protected":false},"author":2,"featured_media":339389,"comment_status":"closed","ping_status":"closed","sticky":false,"template":"","format":"standard","meta":{"_acf_changed":false,"footnotes":""},"categories":[161],"tags":[],"class_list":["post-339388","post","type-post","status-publish","format-standard","has-post-thumbnail","hentry","category-quadradinho-em-foco"],"acf":[],"_links":{"self":[{"href":"https:\/\/www.notibras.com\/site\/wp-json\/wp\/v2\/posts\/339388","targetHints":{"allow":["GET"]}}],"collection":[{"href":"https:\/\/www.notibras.com\/site\/wp-json\/wp\/v2\/posts"}],"about":[{"href":"https:\/\/www.notibras.com\/site\/wp-json\/wp\/v2\/types\/post"}],"author":[{"embeddable":true,"href":"https:\/\/www.notibras.com\/site\/wp-json\/wp\/v2\/users\/2"}],"replies":[{"embeddable":true,"href":"https:\/\/www.notibras.com\/site\/wp-json\/wp\/v2\/comments?post=339388"}],"version-history":[{"count":1,"href":"https:\/\/www.notibras.com\/site\/wp-json\/wp\/v2\/posts\/339388\/revisions"}],"predecessor-version":[{"id":339390,"href":"https:\/\/www.notibras.com\/site\/wp-json\/wp\/v2\/posts\/339388\/revisions\/339390"}],"wp:featuredmedia":[{"embeddable":true,"href":"https:\/\/www.notibras.com\/site\/wp-json\/wp\/v2\/media\/339389"}],"wp:attachment":[{"href":"https:\/\/www.notibras.com\/site\/wp-json\/wp\/v2\/media?parent=339388"}],"wp:term":[{"taxonomy":"category","embeddable":true,"href":"https:\/\/www.notibras.com\/site\/wp-json\/wp\/v2\/categories?post=339388"},{"taxonomy":"post_tag","embeddable":true,"href":"https:\/\/www.notibras.com\/site\/wp-json\/wp\/v2\/tags?post=339388"}],"curies":[{"name":"wp","href":"https:\/\/api.w.org\/{rel}","templated":true}]}}