{"id":339396,"date":"2024-10-25T00:00:27","date_gmt":"2024-10-25T03:00:27","guid":{"rendered":"https:\/\/www.notibras.com\/site\/?p=339396"},"modified":"2024-10-25T06:49:36","modified_gmt":"2024-10-25T09:49:36","slug":"corpo-de-vladimir-carvalho-sera-velado-no-cine-brasilia-nesta-sexta","status":"publish","type":"post","link":"https:\/\/www.notibras.com\/site\/corpo-de-vladimir-carvalho-sera-velado-no-cine-brasilia-nesta-sexta\/","title":{"rendered":"Corpo de Vladimir Carvalho ser\u00e1 velado no Cine Bras\u00edlia nesta sexta"},"content":{"rendered":"<p>O cineasta Vladimir Carvalho, que faleceu nesta quinta-feira (24), ter\u00e1 seu corpo velado no Cine Bras\u00edlia, das 9h30 \u00e0s 13h30, na sexta (25). Ele tinha 89 anos e era considerado um dos maiores mestres do cinema brasileiro. O Cine Bras\u00edlia fica na Entrequadra 106\/107 da Asa Sul.<\/p>\n<p>Vladimir deixa um legado de filmes que retratam a hist\u00f3ria e a luta do povo brasileiro, como O Pa\u00eds de S\u00e3o Saru\u00ea, Conterr\u00e2neos Velhos de Guerra, O Itiner\u00e1rio de Niemeyer e Barra 68, entre outros.<\/p>\n<p>O sepultamento ser\u00e1 realizado \u00e0s 14h30 no Jazigo dos Pioneiros, no cemit\u00e9rio Campo da Esperan\u00e7a. Ser\u00e1 um momento de despedida, mas tamb\u00e9m de homenagem ao homem e artista que tanto contribuiu para o cinema e para a cultura brasileira.<\/p>\n<p>Em nota, a dire\u00e7\u00e3o do cinema mais tradicional da capital federal ressalta: \u201cO Cine Bras\u00edlia se orgulha de ter sido palco de diversas exibi\u00e7\u00f5es e debates sobre sua obra, e lamenta profundamente essa perda. Seu talento, coragem e dedica\u00e7\u00e3o \u00e0 arte seguir\u00e3o inspirando cineastas, cr\u00edticos e amantes do cinema por gera\u00e7\u00f5es. O cinema brasileiro est\u00e1 de luto, mas o legado de Vladimir permanecer\u00e1 gravado em nossa hist\u00f3ria\u201d.<\/p>\n","protected":false},"excerpt":{"rendered":"<p>O cineasta Vladimir Carvalho, que faleceu nesta quinta-feira (24), ter\u00e1 seu corpo velado no Cine Bras\u00edlia, das 9h30 \u00e0s 13h30, na sexta (25). Ele tinha 89 anos e era considerado um dos maiores mestres do cinema brasileiro. O Cine Bras\u00edlia fica na Entrequadra 106\/107 da Asa Sul. Vladimir deixa um legado de filmes que retratam [&hellip;]<\/p>\n","protected":false},"author":2,"featured_media":339397,"comment_status":"closed","ping_status":"closed","sticky":false,"template":"","format":"standard","meta":{"_acf_changed":false,"footnotes":""},"categories":[161],"tags":[],"class_list":["post-339396","post","type-post","status-publish","format-standard","has-post-thumbnail","hentry","category-quadradinho-em-foco"],"acf":[],"_links":{"self":[{"href":"https:\/\/www.notibras.com\/site\/wp-json\/wp\/v2\/posts\/339396","targetHints":{"allow":["GET"]}}],"collection":[{"href":"https:\/\/www.notibras.com\/site\/wp-json\/wp\/v2\/posts"}],"about":[{"href":"https:\/\/www.notibras.com\/site\/wp-json\/wp\/v2\/types\/post"}],"author":[{"embeddable":true,"href":"https:\/\/www.notibras.com\/site\/wp-json\/wp\/v2\/users\/2"}],"replies":[{"embeddable":true,"href":"https:\/\/www.notibras.com\/site\/wp-json\/wp\/v2\/comments?post=339396"}],"version-history":[{"count":1,"href":"https:\/\/www.notibras.com\/site\/wp-json\/wp\/v2\/posts\/339396\/revisions"}],"predecessor-version":[{"id":339398,"href":"https:\/\/www.notibras.com\/site\/wp-json\/wp\/v2\/posts\/339396\/revisions\/339398"}],"wp:featuredmedia":[{"embeddable":true,"href":"https:\/\/www.notibras.com\/site\/wp-json\/wp\/v2\/media\/339397"}],"wp:attachment":[{"href":"https:\/\/www.notibras.com\/site\/wp-json\/wp\/v2\/media?parent=339396"}],"wp:term":[{"taxonomy":"category","embeddable":true,"href":"https:\/\/www.notibras.com\/site\/wp-json\/wp\/v2\/categories?post=339396"},{"taxonomy":"post_tag","embeddable":true,"href":"https:\/\/www.notibras.com\/site\/wp-json\/wp\/v2\/tags?post=339396"}],"curies":[{"name":"wp","href":"https:\/\/api.w.org\/{rel}","templated":true}]}}