{"id":339439,"date":"2024-10-25T14:36:46","date_gmt":"2024-10-25T17:36:46","guid":{"rendered":"https:\/\/www.notibras.com\/site\/?p=339439"},"modified":"2024-10-25T14:38:50","modified_gmt":"2024-10-25T17:38:50","slug":"cleber-criminalista-influente-sabe-como-defender-os-poderosos","status":"publish","type":"post","link":"https:\/\/www.notibras.com\/site\/cleber-criminalista-influente-sabe-como-defender-os-poderosos\/","title":{"rendered":"Cleber, criminalista influente, sabe como defender os poderosos"},"content":{"rendered":"<p>O homem do anel vermelho, que se intitula o melhor advogado criminal do Distrito Federal, possui um escrit\u00f3rio e um \u201cpuxadinho\u201d que alcan\u00e7a o Pal\u00e1cio do Buriti. Doutor Cleber Lopes tamb\u00e9m \u00e9 conhecido nos inqu\u00e9ritos e processos judiciais deflagrados pelo Minist\u00e9rio P\u00fablico do Distrito Federal (MPDFT) e pela Decor da Pol\u00edcia Civil do DF (PCDF).<\/p>\n<p>Coincid\u00eancia ou n\u00e3o, o ex-secret\u00e1rio de Sa\u00fade do Distrito Federal, Francisco Ara\u00fajo Filho, preso na Opera\u00e7\u00e3o Falso Negativo, teve sua defesa, segundo a investiga\u00e7\u00e3o, liderada por Cleber Lopes \u2014 advogado de plant\u00e3o para esc\u00e2ndalos de corrup\u00e7\u00e3o envolvendo figuras representativas no contexto pol\u00edtico e econ\u00f4mico do DF.<\/p>\n<p>Este ano, Cleber Lopes entrou na disputa pelo comando da OAB-DF, com a inten\u00e7\u00e3o de transformar a Ordem em um \u201cpuxadinho\u201d do sistema pol\u00edtico de Bras\u00edlia. Ex-s\u00f3cio de Paulo S\u00e9rgio Hil\u00e1rio Vaz, filho da ex-ministra do Superior Tribunal de Justi\u00e7a Laurita Vaz, Cleber cresceu nos tempos \u00e1ureos da caneta pesada no STJ. Ele se movimenta com desenvoltura nas causas mais pol\u00eamicas, considerando-se o advogado com o anel mais importante na Capital da Rep\u00fablica.<\/p>\n<p>Na noite desta quinta-feira (24), durante o lan\u00e7amento de sua chapa para a disputa da Ordem, Cleber Lopes, em seu discurso, apresentou uma fala que contrasta com sua pr\u00e1tica; destacou a import\u00e2ncia de uma gest\u00e3o que resgate a hist\u00f3ria da OAB-DF, reduza a anuidade, traga renova\u00e7\u00e3o, inclus\u00e3o e promova uma atua\u00e7\u00e3o mais pr\u00f3xima e representativa da advocacia.<\/p>\n<p>Vale lembrar que o advogado conta com o apoio de grande parte da elite advocat\u00edcia de Bras\u00edlia, e n\u00e3o se furta a dizer que; \u201cposso afirmar que estou entre os tr\u00eas maiores advogados criminais em Bras\u00edlia\u201d.<\/p>\n<p>Texto publicado originalmente no site <a href=\"http:\/\/fatosonline.com\">fatosonline.com<\/a><\/p>\n","protected":false},"excerpt":{"rendered":"<p>O homem do anel vermelho, que se intitula o melhor advogado criminal do Distrito Federal, possui um escrit\u00f3rio e um \u201cpuxadinho\u201d que alcan\u00e7a o Pal\u00e1cio do Buriti. Doutor Cleber Lopes tamb\u00e9m \u00e9 conhecido nos inqu\u00e9ritos e processos judiciais deflagrados pelo Minist\u00e9rio P\u00fablico do Distrito Federal (MPDFT) e pela Decor da Pol\u00edcia Civil do DF (PCDF). [&hellip;]<\/p>\n","protected":false},"author":2,"featured_media":339440,"comment_status":"closed","ping_status":"closed","sticky":false,"template":"","format":"standard","meta":{"_acf_changed":false,"footnotes":""},"categories":[161],"tags":[],"class_list":["post-339439","post","type-post","status-publish","format-standard","has-post-thumbnail","hentry","category-quadradinho-em-foco"],"acf":[],"_links":{"self":[{"href":"https:\/\/www.notibras.com\/site\/wp-json\/wp\/v2\/posts\/339439","targetHints":{"allow":["GET"]}}],"collection":[{"href":"https:\/\/www.notibras.com\/site\/wp-json\/wp\/v2\/posts"}],"about":[{"href":"https:\/\/www.notibras.com\/site\/wp-json\/wp\/v2\/types\/post"}],"author":[{"embeddable":true,"href":"https:\/\/www.notibras.com\/site\/wp-json\/wp\/v2\/users\/2"}],"replies":[{"embeddable":true,"href":"https:\/\/www.notibras.com\/site\/wp-json\/wp\/v2\/comments?post=339439"}],"version-history":[{"count":3,"href":"https:\/\/www.notibras.com\/site\/wp-json\/wp\/v2\/posts\/339439\/revisions"}],"predecessor-version":[{"id":339443,"href":"https:\/\/www.notibras.com\/site\/wp-json\/wp\/v2\/posts\/339439\/revisions\/339443"}],"wp:featuredmedia":[{"embeddable":true,"href":"https:\/\/www.notibras.com\/site\/wp-json\/wp\/v2\/media\/339440"}],"wp:attachment":[{"href":"https:\/\/www.notibras.com\/site\/wp-json\/wp\/v2\/media?parent=339439"}],"wp:term":[{"taxonomy":"category","embeddable":true,"href":"https:\/\/www.notibras.com\/site\/wp-json\/wp\/v2\/categories?post=339439"},{"taxonomy":"post_tag","embeddable":true,"href":"https:\/\/www.notibras.com\/site\/wp-json\/wp\/v2\/tags?post=339439"}],"curies":[{"name":"wp","href":"https:\/\/api.w.org\/{rel}","templated":true}]}}