{"id":339444,"date":"2024-10-25T19:12:57","date_gmt":"2024-10-25T22:12:57","guid":{"rendered":"https:\/\/www.notibras.com\/site\/?p=339444"},"modified":"2024-10-25T19:12:57","modified_gmt":"2024-10-25T22:12:57","slug":"everardo-gueiros-mostra-indignacao-com-decisoes-do-cnj-e-inercia-da-oab","status":"publish","type":"post","link":"https:\/\/www.notibras.com\/site\/everardo-gueiros-mostra-indignacao-com-decisoes-do-cnj-e-inercia-da-oab\/","title":{"rendered":"Everardo Gueiros mostra indigna\u00e7\u00e3o com decis\u00f5es do CNJ e in\u00e9rcia da OAB"},"content":{"rendered":"<p>Em um relato contundente, Everardo Gueiros exp\u00f4s sua indigna\u00e7\u00e3o com duas recentes decis\u00f5es do Conselho Nacional de Justi\u00e7a que, segundo ele, representam um verdadeiro retrocesso para a advocacia e ferem o direito de defesa dos advogados. Ele enfatizou a falta de a\u00e7\u00e3o da Ordem dos Advogados do Brasil (OAB), especialmente em Bras\u00edlia, e criticou a postura de seu presidente, Beto Sim\u00e3o Neto, diante dos desafios impostos pelo CNJ.<\/p>\n<p>A primeira decis\u00e3o, sublinhou Gueiros, autoriza que todos os processos sejam julgados de forma virtual, cabendo ao relator decidir se haver\u00e1 julgamento presencial, mesmo com solicita\u00e7\u00e3o de destaque. &#8220;Isso \u00e9 verdadeiramente um absurdo para n\u00f3s&#8221;, frisou. Segundo ele, o Judici\u00e1rio est\u00e1 fragilizando a advocacia ao restringir a presen\u00e7a dos profissionais do campo do Direito, al\u00e9m de limitar o direito de defesa.<\/p>\n<p>A segunda decis\u00e3o, que ele definiu como &#8220;mais escandalosa ainda&#8221;, permite ao juiz solicitar documentos adicionais das partes em caso de lit\u00edgios considerados abusivos. Gueiros criticou duramente o fato de o CNJ, ao seu ver, agir fora dos limites legais ao decidir sobre algo n\u00e3o previsto nos c\u00f3digos processuais. \u201cO que a OAB vai fazer? S\u00f3 vai reclamar ou tomar\u00e1 alguma atitude en\u00e9rgica para defender nossos direitos?\u201d, questionou.<\/p>\n<p>Everardo Gueiros criticou ainda a postura da seccional Distrito Federal da OAB, acusando a Ordem de empurrar a responsabilidade para o Conselho Federal e de se isentar da defesa dos direitos da categoria. &#8220;Aquele jogo do empurra, sabe como \u00e9?&#8221;, finalizou, demonstrando sua insatisfa\u00e7\u00e3o com o cen\u00e1rio atual e com a falta de uma atua\u00e7\u00e3o mais firme e comprometida da Ordem em defesa da advocacia.<\/p>\n","protected":false},"excerpt":{"rendered":"<p>Em um relato contundente, Everardo Gueiros exp\u00f4s sua indigna\u00e7\u00e3o com duas recentes decis\u00f5es do Conselho Nacional de Justi\u00e7a que, segundo ele, representam um verdadeiro retrocesso para a advocacia e ferem o direito de defesa dos advogados. Ele enfatizou a falta de a\u00e7\u00e3o da Ordem dos Advogados do Brasil (OAB), especialmente em Bras\u00edlia, e criticou a [&hellip;]<\/p>\n","protected":false},"author":2,"featured_media":313642,"comment_status":"closed","ping_status":"closed","sticky":false,"template":"","format":"standard","meta":{"_acf_changed":false,"footnotes":""},"categories":[161],"tags":[],"class_list":["post-339444","post","type-post","status-publish","format-standard","has-post-thumbnail","hentry","category-quadradinho-em-foco"],"acf":[],"_links":{"self":[{"href":"https:\/\/www.notibras.com\/site\/wp-json\/wp\/v2\/posts\/339444","targetHints":{"allow":["GET"]}}],"collection":[{"href":"https:\/\/www.notibras.com\/site\/wp-json\/wp\/v2\/posts"}],"about":[{"href":"https:\/\/www.notibras.com\/site\/wp-json\/wp\/v2\/types\/post"}],"author":[{"embeddable":true,"href":"https:\/\/www.notibras.com\/site\/wp-json\/wp\/v2\/users\/2"}],"replies":[{"embeddable":true,"href":"https:\/\/www.notibras.com\/site\/wp-json\/wp\/v2\/comments?post=339444"}],"version-history":[{"count":1,"href":"https:\/\/www.notibras.com\/site\/wp-json\/wp\/v2\/posts\/339444\/revisions"}],"predecessor-version":[{"id":339446,"href":"https:\/\/www.notibras.com\/site\/wp-json\/wp\/v2\/posts\/339444\/revisions\/339446"}],"wp:featuredmedia":[{"embeddable":true,"href":"https:\/\/www.notibras.com\/site\/wp-json\/wp\/v2\/media\/313642"}],"wp:attachment":[{"href":"https:\/\/www.notibras.com\/site\/wp-json\/wp\/v2\/media?parent=339444"}],"wp:term":[{"taxonomy":"category","embeddable":true,"href":"https:\/\/www.notibras.com\/site\/wp-json\/wp\/v2\/categories?post=339444"},{"taxonomy":"post_tag","embeddable":true,"href":"https:\/\/www.notibras.com\/site\/wp-json\/wp\/v2\/tags?post=339444"}],"curies":[{"name":"wp","href":"https:\/\/api.w.org\/{rel}","templated":true}]}}