{"id":339487,"date":"2024-10-27T01:28:32","date_gmt":"2024-10-27T04:28:32","guid":{"rendered":"https:\/\/www.notibras.com\/site\/?p=339487"},"modified":"2024-10-27T01:35:08","modified_gmt":"2024-10-27T04:35:08","slug":"culote-deixa-de-ser-padrao-feminino-e-ataca-homens","status":"publish","type":"post","link":"https:\/\/www.notibras.com\/site\/culote-deixa-de-ser-padrao-feminino-e-ataca-homens\/","title":{"rendered":"Culote deixa de ser padr\u00e3o feminino e ataca homens"},"content":{"rendered":"<p>O famoso culote, aquela gordurinha extra acumulada nos quadris e nas coxas, h\u00e1 tempos era visto como um problema mais comum e inc\u00f4modo para as mulheres. No entanto, hoje, ele aparece tamb\u00e9m nos corpos masculinos, especialmente em homens nordestinos, como uma caracter\u00edstica at\u00e9 comum. Mas por que ser\u00e1 que esse perfil tem se popularizado entre eles?<\/p>\n<p>H\u00e1 v\u00e1rias causas poss\u00edveis para o surgimento dessa &#8220;gordurinha extra&#8221; na regi\u00e3o dos quadris e das coxas. Primeiramente, podemos falar dos h\u00e1bitos alimentares. A culin\u00e1ria nordestina \u00e9 rica e saborosa, mas muitas vezes inclui alimentos que, quando consumidos com frequ\u00eancia, tendem a contribuir para o ac\u00famulo de gordura corporal. Pratos como o bai\u00e3o de dois, a carne de sol com macaxeira e at\u00e9 o cuscuz com bastante manteiga s\u00e3o deliciosos e tradicionais, mas podem ser bastante cal\u00f3ricos.<\/p>\n<p>Al\u00e9m da alimenta\u00e7\u00e3o, o estilo de vida menos ativo pode ser um fator importante. Homens de v\u00e1rias regi\u00f5es do Brasil, incluindo o Nordeste, t\u00eam adotado uma rotina mais sedent\u00e1ria, seja pelo tipo de trabalho que exige menos esfor\u00e7o f\u00edsico ou pela falta de tempo para atividades de lazer mais ativas. O uso crescente de motocicletas, um dos meios de transporte mais populares na regi\u00e3o, substitui o caminhar, o que tamb\u00e9m contribui para a diminui\u00e7\u00e3o do gasto energ\u00e9tico.<\/p>\n<p>Outro ponto \u00e9 o fator gen\u00e9tico. Em termos de biologia, homens e mulheres acumulam gordura em \u00e1reas diferentes do corpo, mas n\u00e3o \u00e9 uma regra inflex\u00edvel. Estudos mostram que h\u00e1 uma predisposi\u00e7\u00e3o gen\u00e9tica que influencia onde o corpo armazena gordura, e alguns homens podem acumular gordura mais facilmente nos quadris e nas coxas, uma caracter\u00edstica que antes era mais vista em mulheres.<\/p>\n<p>H\u00e1 tamb\u00e9m a quest\u00e3o do envelhecimento. Conforme envelhecemos, nosso metabolismo desacelera, e o corpo passa a queimar calorias de forma menos eficiente, o que facilita o ac\u00famulo de gordura. Isso, somado a uma rotina alimentar mais rica e \u00e0 redu\u00e7\u00e3o de atividades f\u00edsicas, faz com que os homens mais velhos sejam mais propensos a ter culote.<\/p>\n<p>Vale, portanto, refletir sobre como h\u00e1bitos de vida, gen\u00e9tica e estilo alimentar transformaram o que antes era uma caracter\u00edstica &#8220;feminina&#8221; em algo comum aos homens tamb\u00e9m. Afinal, a famosa gordurinha nos quadris hoje n\u00e3o \u00e9 mais motivo de inc\u00f4modo exclusivo das mulheres \u2013 pelo contr\u00e1rio, ela vem se tornando um \u201ccharme\u201d nordestino que, querendo ou n\u00e3o, reflete uma realidade cada vez mais comum.<\/p>\n<p>Enquanto isso, as mulheres, mais cuidadosas com o corpo, mostram suas curvas ao desfilarem pelas praias. E, em resposta a olhares masculinos mais ousados, elas n\u00e3o pensam duas vezes na resposta: podem olhar &#8211; dizem, sorrindo. E completam: mas quem acaricia \u00e9 ele.<\/p>\n<p>&nbsp;<\/p>\n","protected":false},"excerpt":{"rendered":"<p>O famoso culote, aquela gordurinha extra acumulada nos quadris e nas coxas, h\u00e1 tempos era visto como um problema mais comum e inc\u00f4modo para as mulheres. No entanto, hoje, ele aparece tamb\u00e9m nos corpos masculinos, especialmente em homens nordestinos, como uma caracter\u00edstica at\u00e9 comum. Mas por que ser\u00e1 que esse perfil tem se popularizado entre [&hellip;]<\/p>\n","protected":false},"author":2,"featured_media":339488,"comment_status":"closed","ping_status":"closed","sticky":false,"template":"","format":"standard","meta":{"_acf_changed":false,"footnotes":""},"categories":[165],"tags":[],"class_list":["post-339487","post","type-post","status-publish","format-standard","has-post-thumbnail","hentry","category-nordeste"],"acf":[],"_links":{"self":[{"href":"https:\/\/www.notibras.com\/site\/wp-json\/wp\/v2\/posts\/339487","targetHints":{"allow":["GET"]}}],"collection":[{"href":"https:\/\/www.notibras.com\/site\/wp-json\/wp\/v2\/posts"}],"about":[{"href":"https:\/\/www.notibras.com\/site\/wp-json\/wp\/v2\/types\/post"}],"author":[{"embeddable":true,"href":"https:\/\/www.notibras.com\/site\/wp-json\/wp\/v2\/users\/2"}],"replies":[{"embeddable":true,"href":"https:\/\/www.notibras.com\/site\/wp-json\/wp\/v2\/comments?post=339487"}],"version-history":[{"count":1,"href":"https:\/\/www.notibras.com\/site\/wp-json\/wp\/v2\/posts\/339487\/revisions"}],"predecessor-version":[{"id":339489,"href":"https:\/\/www.notibras.com\/site\/wp-json\/wp\/v2\/posts\/339487\/revisions\/339489"}],"wp:featuredmedia":[{"embeddable":true,"href":"https:\/\/www.notibras.com\/site\/wp-json\/wp\/v2\/media\/339488"}],"wp:attachment":[{"href":"https:\/\/www.notibras.com\/site\/wp-json\/wp\/v2\/media?parent=339487"}],"wp:term":[{"taxonomy":"category","embeddable":true,"href":"https:\/\/www.notibras.com\/site\/wp-json\/wp\/v2\/categories?post=339487"},{"taxonomy":"post_tag","embeddable":true,"href":"https:\/\/www.notibras.com\/site\/wp-json\/wp\/v2\/tags?post=339487"}],"curies":[{"name":"wp","href":"https:\/\/api.w.org\/{rel}","templated":true}]}}