{"id":339541,"date":"2024-10-28T07:30:17","date_gmt":"2024-10-28T10:30:17","guid":{"rendered":"https:\/\/www.notibras.com\/site\/?p=339541"},"modified":"2024-10-28T07:32:27","modified_gmt":"2024-10-28T10:32:27","slug":"dirigido-mais-ao-nordeste-pagamento-entra-na-conta","status":"publish","type":"post","link":"https:\/\/www.notibras.com\/site\/dirigido-mais-ao-nordeste-pagamento-entra-na-conta\/","title":{"rendered":"Dirigido mais ao Nordeste, pagamento entra na conta"},"content":{"rendered":"<p>O pagamento do benef\u00edcio do programa P\u00e9-de-Meia teve in\u00edcio nesta segunda-feira (28) e segue at\u00e9 a pr\u00f3xima segunda-feira, 4 de novembro, para estudantes do ensino m\u00e9dio da rede p\u00fablica. A parcela ser\u00e1 destinada pela segunda vez a estudantes do ensino m\u00e9dio da Educa\u00e7\u00e3o de Jovens e Adultos (EJA); pela terceira vez a 1 milh\u00e3o de novos estudantes inclu\u00eddos no programa em agosto; e pela s\u00e9tima vez a 2,7 milh\u00f5es de estudantes que j\u00e1 faziam parte do programa.<\/p>\n<p>O P\u00e9-de-Meia funciona como uma poupan\u00e7a e tem o objetivo de evitar a evas\u00e3o escolar, com a promo\u00e7\u00e3o da perman\u00eancia dos estudantes nas escolas e, tamb\u00e9m, a conclus\u00e3o dessa \u00faltima etapa do ensino b\u00e1sico. A grande maioria dos benefici\u00e1rios est\u00e1 nos Estados nordestinos.<\/p>\n<p><strong>Dep\u00f3sitos<\/strong><br \/>\nPara se manter no P\u00e9-de-Meia, o estudante deve ter frequ\u00eancia m\u00ednima de 80% nas aulas do ensino m\u00e9dio. Caso a frequ\u00eancia diminua em algum m\u00eas, o aluno n\u00e3o receber\u00e1 o benef\u00edcio referente ao per\u00edodo.<\/p>\n<p>A Caixa Econ\u00f4mica Federal (CEF) \u00e9 respons\u00e1vel pela abertura das contas em nome dos estudantes matriculados no ensino m\u00e9dio p\u00fablico e pelos pagamentos de todas parcelas do programa, com recursos do Minist\u00e9rio da Educa\u00e7\u00e3o (MEC). Os dep\u00f3sitos podem ser consultados pelos benefici\u00e1rios por meio do aplicativo Jornada do Estudante, do Minist\u00e9rio da Educa\u00e7\u00e3o.<\/p>\n<p>O valor \u00e9 depositado em conta poupan\u00e7a Caixa Tem. Os valores podem ser movimentados pelo aplicativo Caixa Tem, de acordo com o m\u00eas de nascimento do estudante, de forma escalonada, a partir desta segunda-feira.<\/p>\n<p>Calend\u00e1rio de pagamento por m\u00eas de nascimento:<\/p>\n<p><strong>\u00b7 janeiro e fevereiro: 28 de outubro;<\/strong><\/p>\n<p><strong>\u00b7 mar\u00e7o e abril: 29 de outubro;<\/strong><\/p>\n<p><strong>\u00b7 maio e junho: 30 de outubro;<\/strong><\/p>\n<p><strong>\u00b7 julho e agosto: 31 de outubro;<\/strong><\/p>\n<p><strong>\u00b7 setembro e outubro: 1\u00ba de novembro;<\/strong><\/p>\n<p><strong>\u00b7 novembro e dezembro: 4 de novembro.<\/strong><\/p>\n<p>As informa\u00e7\u00f5es relativas ao pagamento do benef\u00edcio podem ser consultadas no aplicativo Caixa Tem, dispon\u00edvel para smartphones.<\/p>\n<p><strong>Jovens e adultos<\/strong><br \/>\nEm agosto, teve in\u00edcio os pagamentos para os estudantes do ensino m\u00e9dio da Educa\u00e7\u00e3o de Jovens e Adultos (EJA) inclu\u00eddos no P\u00e9-de-Meia, que cumprem os crit\u00e9rios do estabelecidos pelo governo federal.<\/p>\n<p>No caso da EJA, ao comprovar matr\u00edcula, o estudante recebe o incentivo de R$ 200, e incentivo mensal de R$ 225, pela frequ\u00eancia escolar. Ambos est\u00e3o dispon\u00edveis para saque.<\/p>\n<p>Pelas regras, os benefici\u00e1rios devem ter idade entre 19 e 24 anos e ser integrante de fam\u00edlias inscritas no Cadastro \u00danico para Programas Sociais do Governo Federal (Cad\u00danico) at\u00e9 15 de junho de 2024, com renda familiar por pessoa de at\u00e9 meio sal\u00e1rio-m\u00ednimo (R$ 706 per capita).<\/p>\n<p>Para os estudantes, a parcela relativa ao incentivo-frequ\u00eancia ser\u00e1 paga em quatro vezes por semestre cursado. O Incentivo-Conclus\u00e3o ser\u00e1 acumulado em at\u00e9 tr\u00eas parcelas, condicionadas \u00e0 aprova\u00e7\u00e3o parcial para a certifica\u00e7\u00e3o de conclus\u00e3o do ensino m\u00e9dio ao final de cada semestre ou ano letivo. Os jovens que ingressaram no programa a partir de setembro n\u00e3o receber\u00e3o retroativamente as parcelas j\u00e1 pagas pelo P\u00e9-de-Meia.<\/p>\n<p><strong>Quem tem direito<\/strong><br \/>\nO P\u00e9-de-Meia\u202f\u00e9 destinado a estudantes do ensino m\u00e9dio do curso regular e da Educa\u00e7\u00e3o de Jovens e Adultos (EJA). Para participar do P\u00e9-de-Meia o aluno deve ser integrante de uma fam\u00edlia inscrita no Cad\u00danico e ter renda por pessoa mensal de at\u00e9 meio sal\u00e1rio m\u00ednimo.<\/p>\n<p>O estudante pode consultar as regras do programa, al\u00e9m do calend\u00e1rio, hist\u00f3rico e status de pagamentos de parcelas (rejeitados ou aprovados) por meio do aplicativo Jornada do Estudante, que traz as informa\u00e7\u00f5es escolares desde o ensino fundamental at\u00e9 a p\u00f3s-gradua\u00e7\u00e3o de cada aluno.<\/p>\n<p><strong>P\u00e9-de-Meia<\/strong><br \/>\nO programa\u202fde\u202fincentivo financeiro-educacional tem o objetivo de democratizar o acesso e reduzir a desigualdade social entre os jovens, al\u00e9m de promover a inclus\u00e3o educacional e estimular a mobilidade social.<\/p>\n<p>O governo federal calcula que, com a expans\u00e3o do programa \u2013 anunciada no in\u00edcio de agosto \u2013 vai elevar o n\u00famero de beneficiados para quase 4 milh\u00f5es de estudantes.<\/p>\n<p>Ao comprovar matr\u00edcula e frequ\u00eancia, o estudante recebe o pagamento de incentivo mensal de R$ 200, que pode ser sacado em qualquer momento. O aluno tamb\u00e9m recebe dep\u00f3sitos de R$ 1 mil ao fim de cada ano letivo conclu\u00eddo com aprova\u00e7\u00e3o, que ficar\u00e3o como uma poupan\u00e7a e poder\u00e3o ser sacados ap\u00f3s a formatura do ensino m\u00e9dio.<\/p>\n<p>Se somadas todas as parcelas de incentivo, os dep\u00f3sitos anuais e o adicional de R$ 200 pela participa\u00e7\u00e3o no Exame Nacional do Ensino M\u00e9dio (Enem), os valores chegam a R$ 9,2 mil por aluno.<\/p>\n<p>A ades\u00e3o dos estudantes ocorre por meio de termo de compromisso assinado por redes de ensino federais, estaduais, distrital e municipais que oferecem o ensino m\u00e9dio e informam os dados dos estudantes ao Minist\u00e9rio da Educa\u00e7\u00e3o (MEC), por meio de sistema informatizado.<\/p>\n","protected":false},"excerpt":{"rendered":"<p>O pagamento do benef\u00edcio do programa P\u00e9-de-Meia teve in\u00edcio nesta segunda-feira (28) e segue at\u00e9 a pr\u00f3xima segunda-feira, 4 de novembro, para estudantes do ensino m\u00e9dio da rede p\u00fablica. A parcela ser\u00e1 destinada pela segunda vez a estudantes do ensino m\u00e9dio da Educa\u00e7\u00e3o de Jovens e Adultos (EJA); pela terceira vez a 1 milh\u00e3o de [&hellip;]<\/p>\n","protected":false},"author":2,"featured_media":339542,"comment_status":"closed","ping_status":"closed","sticky":false,"template":"","format":"standard","meta":{"_acf_changed":false,"footnotes":""},"categories":[165],"tags":[],"class_list":["post-339541","post","type-post","status-publish","format-standard","has-post-thumbnail","hentry","category-nordeste"],"acf":[],"_links":{"self":[{"href":"https:\/\/www.notibras.com\/site\/wp-json\/wp\/v2\/posts\/339541","targetHints":{"allow":["GET"]}}],"collection":[{"href":"https:\/\/www.notibras.com\/site\/wp-json\/wp\/v2\/posts"}],"about":[{"href":"https:\/\/www.notibras.com\/site\/wp-json\/wp\/v2\/types\/post"}],"author":[{"embeddable":true,"href":"https:\/\/www.notibras.com\/site\/wp-json\/wp\/v2\/users\/2"}],"replies":[{"embeddable":true,"href":"https:\/\/www.notibras.com\/site\/wp-json\/wp\/v2\/comments?post=339541"}],"version-history":[{"count":3,"href":"https:\/\/www.notibras.com\/site\/wp-json\/wp\/v2\/posts\/339541\/revisions"}],"predecessor-version":[{"id":339545,"href":"https:\/\/www.notibras.com\/site\/wp-json\/wp\/v2\/posts\/339541\/revisions\/339545"}],"wp:featuredmedia":[{"embeddable":true,"href":"https:\/\/www.notibras.com\/site\/wp-json\/wp\/v2\/media\/339542"}],"wp:attachment":[{"href":"https:\/\/www.notibras.com\/site\/wp-json\/wp\/v2\/media?parent=339541"}],"wp:term":[{"taxonomy":"category","embeddable":true,"href":"https:\/\/www.notibras.com\/site\/wp-json\/wp\/v2\/categories?post=339541"},{"taxonomy":"post_tag","embeddable":true,"href":"https:\/\/www.notibras.com\/site\/wp-json\/wp\/v2\/tags?post=339541"}],"curies":[{"name":"wp","href":"https:\/\/api.w.org\/{rel}","templated":true}]}}