{"id":339546,"date":"2024-10-28T00:00:43","date_gmt":"2024-10-28T03:00:43","guid":{"rendered":"https:\/\/www.notibras.com\/site\/?p=339546"},"modified":"2024-10-28T07:36:59","modified_gmt":"2024-10-28T10:36:59","slug":"pt-emplaca-evandro-leitao-na-prefeitura-de-fortaleza","status":"publish","type":"post","link":"https:\/\/www.notibras.com\/site\/pt-emplaca-evandro-leitao-na-prefeitura-de-fortaleza\/","title":{"rendered":"PT emplaca Evandro Leit\u00e3o na prefeitura de Fortaleza"},"content":{"rendered":"<p>O candidato Evandro Leit\u00e3o (PT) venceu a disputa para a prefeitura de Fortaleza (CE), com 50,37% dos votos v\u00e1lidos. Ele disputou o segundo turno com Andr\u00e9 Fernandes (PL) que teve 49,63% dos votos v\u00e1lidos. O resultado foi anunciado na apura\u00e7\u00e3o de 99,60% das urnas.<\/p>\n<p>Evandro Leit\u00e3o, do PT, tem 57 anos e est\u00e1 em seu terceiro mandato consecutivo de deputado estadual. Servidor p\u00fablico de carreira, \u00e9 auditor adjunto da Secretaria da Fazenda do Estado do Cear\u00e1. \u00c9 formado em ci\u00eancias econ\u00f4micas pela Universidade de Fortaleza (Unifor) e em direito pela Faculdade Integrada do Cear\u00e1 (FIC).<\/p>\n","protected":false},"excerpt":{"rendered":"<p>O candidato Evandro Leit\u00e3o (PT) venceu a disputa para a prefeitura de Fortaleza (CE), com 50,37% dos votos v\u00e1lidos. Ele disputou o segundo turno com Andr\u00e9 Fernandes (PL) que teve 49,63% dos votos v\u00e1lidos. O resultado foi anunciado na apura\u00e7\u00e3o de 99,60% das urnas. Evandro Leit\u00e3o, do PT, tem 57 anos e est\u00e1 em seu [&hellip;]<\/p>\n","protected":false},"author":2,"featured_media":339547,"comment_status":"closed","ping_status":"closed","sticky":false,"template":"","format":"standard","meta":{"_acf_changed":false,"footnotes":""},"categories":[165],"tags":[],"class_list":["post-339546","post","type-post","status-publish","format-standard","has-post-thumbnail","hentry","category-nordeste"],"acf":[],"_links":{"self":[{"href":"https:\/\/www.notibras.com\/site\/wp-json\/wp\/v2\/posts\/339546","targetHints":{"allow":["GET"]}}],"collection":[{"href":"https:\/\/www.notibras.com\/site\/wp-json\/wp\/v2\/posts"}],"about":[{"href":"https:\/\/www.notibras.com\/site\/wp-json\/wp\/v2\/types\/post"}],"author":[{"embeddable":true,"href":"https:\/\/www.notibras.com\/site\/wp-json\/wp\/v2\/users\/2"}],"replies":[{"embeddable":true,"href":"https:\/\/www.notibras.com\/site\/wp-json\/wp\/v2\/comments?post=339546"}],"version-history":[{"count":1,"href":"https:\/\/www.notibras.com\/site\/wp-json\/wp\/v2\/posts\/339546\/revisions"}],"predecessor-version":[{"id":339548,"href":"https:\/\/www.notibras.com\/site\/wp-json\/wp\/v2\/posts\/339546\/revisions\/339548"}],"wp:featuredmedia":[{"embeddable":true,"href":"https:\/\/www.notibras.com\/site\/wp-json\/wp\/v2\/media\/339547"}],"wp:attachment":[{"href":"https:\/\/www.notibras.com\/site\/wp-json\/wp\/v2\/media?parent=339546"}],"wp:term":[{"taxonomy":"category","embeddable":true,"href":"https:\/\/www.notibras.com\/site\/wp-json\/wp\/v2\/categories?post=339546"},{"taxonomy":"post_tag","embeddable":true,"href":"https:\/\/www.notibras.com\/site\/wp-json\/wp\/v2\/tags?post=339546"}],"curies":[{"name":"wp","href":"https:\/\/api.w.org\/{rel}","templated":true}]}}