{"id":339549,"date":"2024-10-28T00:00:07","date_gmt":"2024-10-28T03:00:07","guid":{"rendered":"https:\/\/www.notibras.com\/site\/?p=339549"},"modified":"2024-10-28T07:41:39","modified_gmt":"2024-10-28T10:41:39","slug":"natal-elege-paulinho-freire-na-disputa-do-segundo-turno","status":"publish","type":"post","link":"https:\/\/www.notibras.com\/site\/natal-elege-paulinho-freire-na-disputa-do-segundo-turno\/","title":{"rendered":"Natal elege Paulinho Freire na disputa do segundo turno"},"content":{"rendered":"<p>O candidato Paulo Eduardo da Costa Freire (Uni\u00e3o Brasil) venceu a disputa para a prefeitura de Natal, com 55,46% dos votos v\u00e1lidos. Ele disputou o segundo turno com Nat\u00e1lia Bonavides (PT) que ficou com 44,54% dos votos v\u00e1lidos.<\/p>\n<p>Paulo Eduardo da Costa Freire, do Uni\u00e3o Brasil, tem 60 anos e \u00e9 deputado federal. Foi vereador por v\u00e1rios mandatos n\u00e3o consecutivos, desde 1993 at\u00e9 2022. Em 2002, foi eleito deputado estadual e, de 2009 a 2012, foi vice-prefeito de Natal.<\/p>\n","protected":false},"excerpt":{"rendered":"<p>O candidato Paulo Eduardo da Costa Freire (Uni\u00e3o Brasil) venceu a disputa para a prefeitura de Natal, com 55,46% dos votos v\u00e1lidos. Ele disputou o segundo turno com Nat\u00e1lia Bonavides (PT) que ficou com 44,54% dos votos v\u00e1lidos. Paulo Eduardo da Costa Freire, do Uni\u00e3o Brasil, tem 60 anos e \u00e9 deputado federal. Foi vereador [&hellip;]<\/p>\n","protected":false},"author":2,"featured_media":339550,"comment_status":"closed","ping_status":"closed","sticky":false,"template":"","format":"standard","meta":{"_acf_changed":false,"footnotes":""},"categories":[165],"tags":[],"class_list":["post-339549","post","type-post","status-publish","format-standard","has-post-thumbnail","hentry","category-nordeste"],"acf":[],"_links":{"self":[{"href":"https:\/\/www.notibras.com\/site\/wp-json\/wp\/v2\/posts\/339549","targetHints":{"allow":["GET"]}}],"collection":[{"href":"https:\/\/www.notibras.com\/site\/wp-json\/wp\/v2\/posts"}],"about":[{"href":"https:\/\/www.notibras.com\/site\/wp-json\/wp\/v2\/types\/post"}],"author":[{"embeddable":true,"href":"https:\/\/www.notibras.com\/site\/wp-json\/wp\/v2\/users\/2"}],"replies":[{"embeddable":true,"href":"https:\/\/www.notibras.com\/site\/wp-json\/wp\/v2\/comments?post=339549"}],"version-history":[{"count":1,"href":"https:\/\/www.notibras.com\/site\/wp-json\/wp\/v2\/posts\/339549\/revisions"}],"predecessor-version":[{"id":339551,"href":"https:\/\/www.notibras.com\/site\/wp-json\/wp\/v2\/posts\/339549\/revisions\/339551"}],"wp:featuredmedia":[{"embeddable":true,"href":"https:\/\/www.notibras.com\/site\/wp-json\/wp\/v2\/media\/339550"}],"wp:attachment":[{"href":"https:\/\/www.notibras.com\/site\/wp-json\/wp\/v2\/media?parent=339549"}],"wp:term":[{"taxonomy":"category","embeddable":true,"href":"https:\/\/www.notibras.com\/site\/wp-json\/wp\/v2\/categories?post=339549"},{"taxonomy":"post_tag","embeddable":true,"href":"https:\/\/www.notibras.com\/site\/wp-json\/wp\/v2\/tags?post=339549"}],"curies":[{"name":"wp","href":"https:\/\/api.w.org\/{rel}","templated":true}]}}