{"id":339552,"date":"2024-10-28T00:00:27","date_gmt":"2024-10-28T03:00:27","guid":{"rendered":"https:\/\/www.notibras.com\/site\/?p=339552"},"modified":"2024-10-28T07:50:08","modified_gmt":"2024-10-28T10:50:08","slug":"emilia-correa-vai-comandar-a-prefeitura-de-aracaju","status":"publish","type":"post","link":"https:\/\/www.notibras.com\/site\/emilia-correa-vai-comandar-a-prefeitura-de-aracaju\/","title":{"rendered":"Em\u00edlia Corr\u00eaa vai comandar a prefeitura de Aracaju"},"content":{"rendered":"<p>A candidata Em\u00edlia Corr\u00eaa (PL) venceu a disputa para a prefeitura da Aracaju, com 57,46% dos votos v\u00e1lidos. Ela disputou o segundo turno com Luiz Roberto (PDT) que teve 42,54% dos votos v\u00e1lidos. Foram apurados 100% dos votos.<\/p>\n<p>Em\u00edlia Corr\u00eaa Santos Bezerra, de 62 anos, \u00e9 defensora p\u00fablica aposentada, comunicadora de r\u00e1dio e TV. Foi corregedora geral, secret\u00e1ria da Defensoria P\u00fablica e presidente do Tribunal de \u00c9tica. Eleita vereadora por Aracaju\/SE em 2016 e reeleita em 2020.<\/p>\n","protected":false},"excerpt":{"rendered":"<p>A candidata Em\u00edlia Corr\u00eaa (PL) venceu a disputa para a prefeitura da Aracaju, com 57,46% dos votos v\u00e1lidos. Ela disputou o segundo turno com Luiz Roberto (PDT) que teve 42,54% dos votos v\u00e1lidos. Foram apurados 100% dos votos. Em\u00edlia Corr\u00eaa Santos Bezerra, de 62 anos, \u00e9 defensora p\u00fablica aposentada, comunicadora de r\u00e1dio e TV. Foi [&hellip;]<\/p>\n","protected":false},"author":2,"featured_media":339553,"comment_status":"closed","ping_status":"closed","sticky":false,"template":"","format":"standard","meta":{"_acf_changed":false,"footnotes":""},"categories":[165],"tags":[],"class_list":["post-339552","post","type-post","status-publish","format-standard","has-post-thumbnail","hentry","category-nordeste"],"acf":[],"_links":{"self":[{"href":"https:\/\/www.notibras.com\/site\/wp-json\/wp\/v2\/posts\/339552","targetHints":{"allow":["GET"]}}],"collection":[{"href":"https:\/\/www.notibras.com\/site\/wp-json\/wp\/v2\/posts"}],"about":[{"href":"https:\/\/www.notibras.com\/site\/wp-json\/wp\/v2\/types\/post"}],"author":[{"embeddable":true,"href":"https:\/\/www.notibras.com\/site\/wp-json\/wp\/v2\/users\/2"}],"replies":[{"embeddable":true,"href":"https:\/\/www.notibras.com\/site\/wp-json\/wp\/v2\/comments?post=339552"}],"version-history":[{"count":1,"href":"https:\/\/www.notibras.com\/site\/wp-json\/wp\/v2\/posts\/339552\/revisions"}],"predecessor-version":[{"id":339554,"href":"https:\/\/www.notibras.com\/site\/wp-json\/wp\/v2\/posts\/339552\/revisions\/339554"}],"wp:featuredmedia":[{"embeddable":true,"href":"https:\/\/www.notibras.com\/site\/wp-json\/wp\/v2\/media\/339553"}],"wp:attachment":[{"href":"https:\/\/www.notibras.com\/site\/wp-json\/wp\/v2\/media?parent=339552"}],"wp:term":[{"taxonomy":"category","embeddable":true,"href":"https:\/\/www.notibras.com\/site\/wp-json\/wp\/v2\/categories?post=339552"},{"taxonomy":"post_tag","embeddable":true,"href":"https:\/\/www.notibras.com\/site\/wp-json\/wp\/v2\/tags?post=339552"}],"curies":[{"name":"wp","href":"https:\/\/api.w.org\/{rel}","templated":true}]}}