{"id":339555,"date":"2024-10-28T00:02:18","date_gmt":"2024-10-28T03:02:18","guid":{"rendered":"https:\/\/www.notibras.com\/site\/?p=339555"},"modified":"2024-10-28T07:52:08","modified_gmt":"2024-10-28T10:52:08","slug":"cicero-lucena-e-reeleito-pelos-eleitores-de-joao-pessoa","status":"publish","type":"post","link":"https:\/\/www.notibras.com\/site\/cicero-lucena-e-reeleito-pelos-eleitores-de-joao-pessoa\/","title":{"rendered":"C\u00edcero Lucena \u00e9 reeleito pelos eleitores de Jo\u00e3o Pessoa"},"content":{"rendered":"<p>O candidato Cicero Lucena (PP) venceu a disputa para a prefeitura de Jo\u00e3o Pessoa, com 64,03% dos votos v\u00e1lidos. Ele disputou o segundo turno com Marcelo Queiroga (PL) que teve 35,98% dos votos v\u00e1lidos.<\/p>\n<p>C\u00edcero Lucena Filho tem 67 anos e \u00e9 o atual prefeito da capital paraibana. Foi eleito para seu primeiro mandato na prefeitura de Jo\u00e3o Pessoa em novembro de 1996, \u00e0 \u00e9poca, pelo PMDB.<\/p>\n<p>Foi reeleito para o cargo em 2000, no primeiro turno, com 74% dos votos v\u00e1lidos. Foi ainda vice-governador da Para\u00edba entre 1991 e 1994; governador do estado entre 1994 e 1994; ministro da Secretaria de Pol\u00edticas Regionais entre 1995 e 1996; e senador entre 2007 e 2015.<\/p>\n","protected":false},"excerpt":{"rendered":"<p>O candidato Cicero Lucena (PP) venceu a disputa para a prefeitura de Jo\u00e3o Pessoa, com 64,03% dos votos v\u00e1lidos. Ele disputou o segundo turno com Marcelo Queiroga (PL) que teve 35,98% dos votos v\u00e1lidos. C\u00edcero Lucena Filho tem 67 anos e \u00e9 o atual prefeito da capital paraibana. Foi eleito para seu primeiro mandato na [&hellip;]<\/p>\n","protected":false},"author":2,"featured_media":339556,"comment_status":"closed","ping_status":"closed","sticky":false,"template":"","format":"standard","meta":{"_acf_changed":false,"footnotes":""},"categories":[165],"tags":[],"class_list":["post-339555","post","type-post","status-publish","format-standard","has-post-thumbnail","hentry","category-nordeste"],"acf":[],"_links":{"self":[{"href":"https:\/\/www.notibras.com\/site\/wp-json\/wp\/v2\/posts\/339555","targetHints":{"allow":["GET"]}}],"collection":[{"href":"https:\/\/www.notibras.com\/site\/wp-json\/wp\/v2\/posts"}],"about":[{"href":"https:\/\/www.notibras.com\/site\/wp-json\/wp\/v2\/types\/post"}],"author":[{"embeddable":true,"href":"https:\/\/www.notibras.com\/site\/wp-json\/wp\/v2\/users\/2"}],"replies":[{"embeddable":true,"href":"https:\/\/www.notibras.com\/site\/wp-json\/wp\/v2\/comments?post=339555"}],"version-history":[{"count":1,"href":"https:\/\/www.notibras.com\/site\/wp-json\/wp\/v2\/posts\/339555\/revisions"}],"predecessor-version":[{"id":339557,"href":"https:\/\/www.notibras.com\/site\/wp-json\/wp\/v2\/posts\/339555\/revisions\/339557"}],"wp:featuredmedia":[{"embeddable":true,"href":"https:\/\/www.notibras.com\/site\/wp-json\/wp\/v2\/media\/339556"}],"wp:attachment":[{"href":"https:\/\/www.notibras.com\/site\/wp-json\/wp\/v2\/media?parent=339555"}],"wp:term":[{"taxonomy":"category","embeddable":true,"href":"https:\/\/www.notibras.com\/site\/wp-json\/wp\/v2\/categories?post=339555"},{"taxonomy":"post_tag","embeddable":true,"href":"https:\/\/www.notibras.com\/site\/wp-json\/wp\/v2\/tags?post=339555"}],"curies":[{"name":"wp","href":"https:\/\/api.w.org\/{rel}","templated":true}]}}