{"id":339591,"date":"2024-10-28T15:27:55","date_gmt":"2024-10-28T18:27:55","guid":{"rendered":"https:\/\/www.notibras.com\/site\/?p=339591"},"modified":"2024-10-28T15:29:14","modified_gmt":"2024-10-28T18:29:14","slug":"raquel-corta-asinhas-do-psb-de-joao-campos-e-voa-mais-alto-rumo-a-2026","status":"publish","type":"post","link":"https:\/\/www.notibras.com\/site\/raquel-corta-asinhas-do-psb-de-joao-campos-e-voa-mais-alto-rumo-a-2026\/","title":{"rendered":"Raquel corta asinhas do PSB de Jo\u00e3o Campos e voa mais alto rumo a 2026"},"content":{"rendered":"<p>Com uma vit\u00f3ria avassaladora dos seus candidatos sobre o prefeito reeleito do Recife, Jo\u00e3o Campos (PSB), no segundo turno das elei\u00e7\u00f5es municipais em dois munic\u00edpios da regi\u00e3o metropolitana, no domingo (27), a governadora Raquel Lyra (PSDB) largou \u00e0 frente do principal pretendente ao seu cargo nas elei\u00e7\u00f5es de 2026.<\/p>\n<p>Campos amargou a derrota para os candidatos \u00e0s prefeituras de Paulista, Ramos Batista (PSDB), e de Olinda, Mirella Almeida (PSD), que sofriam sua oposi\u00e7\u00e3o e eram apoiados por Raquel Lyra. A derrota de Campos foi tamb\u00e9m uma derrota do PT e do presidente Lula.<\/p>\n<p>No caso de Paulista, tradicional polo t\u00eaxtil que deu origem ao imp\u00e9rio industrial e comercial conhecido nacionalmente como Casas Pernambucanas, o Diret\u00f3rio Estadual do PT queria apoiar o candidato vencedor, mas a presidente nacional do partido, deputada Gleisi Hoffmann (PR), orientou o apoio ao candidato derrotado, J\u00fanior Matuto (PSB), &#8220;tendo em vista que a alian\u00e7a com o PSB \u00e9 estrat\u00e9gica no plano nacional&#8221;.<\/p>\n<p>Mas a orienta\u00e7\u00e3o nacional do partido sofreu a deser\u00e7\u00e3o do atual prefeito de Paulista, o petista hist\u00f3rico Yves Ribeiro, que est\u00e1 encerrando o seu terceiro mandato na chefia do munic\u00edpio ap\u00f3s ter governado por duas vezes outras cidades vizinhas, Itapissuma e Igarassu.<\/p>\n<p>O apoio de Ribeiro contribuiu para que o seu sucessor passasse dos 44,3% dos votos v\u00e1lidos (74.100 votos) no primeiro turno para 73,36% (percentual pr\u00f3ximo ao alcan\u00e7ado por Jo\u00e3o Campos em sua reelei\u00e7\u00e3o, 78,11%), totalizando 120.228 votos.<\/p>\n<p>Aos 75 anos, Ramos \u00e9 empres\u00e1rio, l\u00edder no seu segmento e um veterano pol\u00edtico, tendo iniciado sua carreira como vereador no Recife. Ele tamb\u00e9m foi deputado estadual e chega \u00e0 prefeitura de Paulista ap\u00f3s a sua quarta tentativa.<\/p>\n<p>Em Olinda a situa\u00e7\u00e3o n\u00e3o foi muito diferente. Com o mesmo prop\u00f3sito da tal &#8220;alian\u00e7a estrat\u00e9gica com o PSB a n\u00edvel nacional&#8221;, o candidato do PT, Vini Castello, mesmo com apoio de Campos &#8211; inclusive envolvendo um projeto de execu\u00e7\u00e3o or\u00e7ament\u00e1ria em parceria com o Recife &#8211; nadou e morreu na praia.<\/p>\n<p>Apesar de ter sido um dos poucos candidatos que contou com a presen\u00e7a de Lula por meio de v\u00eddeos usados durante a campanha, Castello desabou diante de Mirella Almeida (PSD) candidata do atual prefeito Professor Lup\u00e9rcio, do mesmo partido, e apoiada por Raquel Lyra e a vice-governadora Priscila Krause, tamb\u00e9m do PSD, ela filha do ex-prefeito do Recife, ex-governador de Pernambuco e ex-ministro da Fazenda Gustavo Krause.<\/p>\n<p>Mirella Almeida venceu Vini Castello com 51% dos votos v\u00e1lidos, contra 48% do petista, numa reviravolta em rela\u00e7\u00e3o ao primeiro turno quando terminou atr\u00e1s do seu advers\u00e1rio com uma desvantagem de 18.133 votos. Nas duas gest\u00f5es de Professor Lup\u00e9rcio a prefeita eleita foi titular das seguintes secretarias: Governo, Planejamento e Fazenda, e de Desenvolvimento Econ\u00f4mico, Inova\u00e7\u00e3o, Tecnologia e Turismo de Olinda.<\/p>\n<p>A vantagem de Raquel Lyra sobre Jo\u00e3o Campos ficou evidente ao final da apura\u00e7\u00e3o. Enquanto o partido da governadora conquistou 32 prefeituras, o PSB do prefeito reeleito do Recife soma 31 administra\u00e7\u00f5es municipais. E al\u00e9m de contar com a vit\u00f3ria de oito dos 15 prefeitos da Regi\u00e3o Metropolitana do Recife, a governadora elegeu 125 dos 184 prefeitos de Pernambuco.<\/p>\n<p>Com dois ministros do governo federal em campos distintos de Jo\u00e3o Campos, a governadora continuar\u00e1 merecedora do apoio do presidente Lula nos pr\u00f3ximos dois anos, como observou Andr\u00e9 de Paula, titular do Minist\u00e9rio da Pesca, quando destacou a pluralidade do governo ao comentar a vit\u00f3ria de Mirella:<\/p>\n<p>&#8220;Fico feliz porque o segundo turno de Olinda se deu entre o PSD, que faz parte do governo, e o PT, o partido do Lula. Tenho certeza de que Mirella ter\u00e1 o apoio n\u00e3o apenas do presidente, mas tamb\u00e9m de lideran\u00e7as importantes do pr\u00f3prio PT.&#8221;<\/p>\n<p>O outro ministro de Lula que n\u00e3o reza na cartilha do PSB \u00e9 Silvio Costa Filho (Republicanos), de Portos e Aeroportos.<\/p>\n<p>Ou seja: at\u00e9 2026, Jo\u00e3o Campos e Raquel Lyra ter\u00e3o tratamento igualit\u00e1rio por parte do governo federal.<\/p>\n<p><strong>De pai pra filho<\/strong> &#8211; Jo\u00e3o Campos e Raquel Lyra fazem parte da nova gera\u00e7\u00e3o de fam\u00edlias pol\u00edticas que se revezam no poder de Pernambuco desde o s\u00e9culo passado.<\/p>\n<p>Campos, filho do ex-governador Eduardo Campos e bisneto de Miguel Arraes, trouxe a fam\u00edlia para uma esquerda light, se distanciando das for\u00e7as progressistas que marcaram a lideran\u00e7a nacional do seu bisav\u00f4. Costuma construir pontes sobre os rios do Recife, que Arraes dizia s\u00f3 servirem para moradias de popula\u00e7\u00f5es de rua.<\/p>\n<p>Neta de Jo\u00e3o Lyra Filho, prefeito por duas vezes e chefe do cl\u00e3 pol\u00edtico mais importante de Caruaru, de origem udenista, Raquel tamb\u00e9m \u00e9 filha de Jo\u00e3o Lyra Neto, outro ex-governador, e sobrinha de Fernando Lyra, expoente deputado do antigo grupo aut\u00eantico do MDB e primeiro ministro da Justi\u00e7a ap\u00f3s o fim da ditadura de 1964.<\/p>\n<p>Deputada estadual, depois de governar Caruaru por duas vezes, foi eleita governadora em 2022 ap\u00f3s vencer de virada, no segundo turno, Mar\u00edlia Arraes (SD), prima de Campos e tamb\u00e9m bisneta de Arraes.<\/p>\n<p>As duas fam\u00edlias sempre estiveram juntas na pol\u00edtica desde 1959, at\u00e9 que o rompimento chegou em 2016 quando Raquel foi obrigada a deixar o PSB e migrar para o PSDB depois que o partido controlado pelo pai de Jo\u00e3o Campos lhe negou legenda para sua candidatura \u00e0 Prefeitura de Caruaru, numa composi\u00e7\u00e3o para eleger o prefeito Geraldo J\u00falio no Recife, do PSB.<\/p>\n<p>Na sua elei\u00e7\u00e3o para o governo do Estado Raquel Lyra deu a volta por cima, deixando para tr\u00e1s o candidato do PSB Danilo Cabral, ainda no primeiro turno, e vencendo de virada a fam\u00edlia Arraes. Essa cena n\u00e3o \u00e9 imposs\u00edvel de se repetir em 2026.<\/p>\n","protected":false},"excerpt":{"rendered":"<p>Com uma vit\u00f3ria avassaladora dos seus candidatos sobre o prefeito reeleito do Recife, Jo\u00e3o Campos (PSB), no segundo turno das elei\u00e7\u00f5es municipais em dois munic\u00edpios da regi\u00e3o metropolitana, no domingo (27), a governadora Raquel Lyra (PSDB) largou \u00e0 frente do principal pretendente ao seu cargo nas elei\u00e7\u00f5es de 2026. Campos amargou a derrota para os [&hellip;]<\/p>\n","protected":false},"author":2,"featured_media":339592,"comment_status":"closed","ping_status":"closed","sticky":false,"template":"","format":"standard","meta":{"_acf_changed":false,"footnotes":""},"categories":[165],"tags":[95],"class_list":["post-339591","post","type-post","status-publish","format-standard","has-post-thumbnail","hentry","category-nordeste","tag-capa"],"acf":[],"_links":{"self":[{"href":"https:\/\/www.notibras.com\/site\/wp-json\/wp\/v2\/posts\/339591","targetHints":{"allow":["GET"]}}],"collection":[{"href":"https:\/\/www.notibras.com\/site\/wp-json\/wp\/v2\/posts"}],"about":[{"href":"https:\/\/www.notibras.com\/site\/wp-json\/wp\/v2\/types\/post"}],"author":[{"embeddable":true,"href":"https:\/\/www.notibras.com\/site\/wp-json\/wp\/v2\/users\/2"}],"replies":[{"embeddable":true,"href":"https:\/\/www.notibras.com\/site\/wp-json\/wp\/v2\/comments?post=339591"}],"version-history":[{"count":3,"href":"https:\/\/www.notibras.com\/site\/wp-json\/wp\/v2\/posts\/339591\/revisions"}],"predecessor-version":[{"id":339595,"href":"https:\/\/www.notibras.com\/site\/wp-json\/wp\/v2\/posts\/339591\/revisions\/339595"}],"wp:featuredmedia":[{"embeddable":true,"href":"https:\/\/www.notibras.com\/site\/wp-json\/wp\/v2\/media\/339592"}],"wp:attachment":[{"href":"https:\/\/www.notibras.com\/site\/wp-json\/wp\/v2\/media?parent=339591"}],"wp:term":[{"taxonomy":"category","embeddable":true,"href":"https:\/\/www.notibras.com\/site\/wp-json\/wp\/v2\/categories?post=339591"},{"taxonomy":"post_tag","embeddable":true,"href":"https:\/\/www.notibras.com\/site\/wp-json\/wp\/v2\/tags?post=339591"}],"curies":[{"name":"wp","href":"https:\/\/api.w.org\/{rel}","templated":true}]}}