{"id":339624,"date":"2024-10-29T10:41:04","date_gmt":"2024-10-29T13:41:04","guid":{"rendered":"https:\/\/www.notibras.com\/site\/?p=339624"},"modified":"2024-10-29T10:42:20","modified_gmt":"2024-10-29T13:42:20","slug":"apoio-de-aliados-de-ibaneis-a-veve-afunda-candidatura-de-cleber","status":"publish","type":"post","link":"https:\/\/www.notibras.com\/site\/apoio-de-aliados-de-ibaneis-a-veve-afunda-candidatura-de-cleber\/","title":{"rendered":"Apoio de aliados de Ibaneis a Vev\u00e9 afunda candidatura de Cleber"},"content":{"rendered":"<p>Embora com o apoio expl\u00edcito de Ibaneis Rocha, a candidatura de Cleber Lopes \u00e0 presid\u00eancia da OAB em Bras\u00edlia come\u00e7a a fazer \u00e1gua. Motivos de preocupa\u00e7\u00e3o n\u00e3o faltam. \u00c9 que, fugindo \u00e0 teoria de que quem divide o bolo governa, aliados do pr\u00f3prio governador decidiram se unir em torno da candidatura de Everardo Gueiros.<\/p>\n<p>Com isso, Vev\u00e9 est\u00e1 ficando com a cereja do bolo, levada de bandeja por figuras influentes na capital da Rep\u00fablica, como os deputados Bia Kicis, Rafael Prudente, Paulo Fernando e Lafayette de Andrada, este, presidente da Frente Parlamentar em Defesa da Advocacia no Congresso Nacional.<\/p>\n<p>O rolo compressor a favor de Everardo Gueiros foi acionado primeiramente por Rafael Prudente. Vev\u00e9, segundo o deputado emedebista, destaca-se como a lideran\u00e7a ideal para defender a advocacia e suas pautas no Congresso Nacional. Rafael foi al\u00e9m, ao encaminhar um sinal direto \u00e0 classe advocat\u00edcia, refor\u00e7ando a confian\u00e7a na capacidade de Vev\u00e9 em fortalecer e valorizar a atua\u00e7\u00e3o dos advogados.<\/p>\n<p>Esse movimento em torno do nome de Vev\u00e9 est\u00e1 agitando as elei\u00e7\u00f5es da seccional da OAB. A t\u00edtulo de ilustra\u00e7\u00e3o, tem sido citada a decis\u00e3o de Bia Kicis que, seguiu o mesmo caminho de Rafael no apoio a Everardo Gueiros. A parlamentar, figura proeminente do campo conservador, afirmou que sua decis\u00e3o foi fruto de uma an\u00e1lise cuidadosa de todos os concorrentes.<\/p>\n<p>Esteio da base s\u00f3lida de apoio de Ibaneis Rocha, Bia, ao seguir o rumo da dissid\u00eancia (ou independ\u00eancia, como querem outros) entende, ao movimentar-se com liberdade, que a candidatura de Vev\u00e9 incorpora uma proposta alinhada com as necessidades e expectativas da advocacia no Distrito Federal. Seu apoio, na avalia\u00e7\u00e3o de profissionais do campo do Direito, pode ser um fator decisivo, considerando a influ\u00eancia dela no meio jur\u00eddico.<\/p>\n<p>Outro importante endosso \u00e0 candidatura de Everardo Gueiros partiu de Lafayette de Andrada, presidente da Frente Parlamentar em Defesa da Advocacia no Congresso Nacional. Segundo o deputado, Vev\u00e9 \u00e9 quem melhor representa os interesses e os direitos dos advogados de Bras\u00edlia. &#8220;Por isso, eu apoio a sua candidatura e pe\u00e7o o voto e a confian\u00e7a da classe em Everardo&#8221;, pontuou.<\/p>\n<p>J\u00e1 o deputado federal e professor Paulo Fernando, advogado e especialista em processo legislativo e regimento da C\u00e2mara Federal, manifestou sua prefer\u00eancia por Everardo Gueiros &#8220;por sua coragem para promover mudan\u00e7as estruturais na Ordem. \u201c\u00c9 uma alegria apoiar Everardo Gueiros e a doutora Rute nessa caminhada para uma OAB mais corajosa e comprometida com a advocacia militante do Distrito Federal&#8221;.<\/p>\n","protected":false},"excerpt":{"rendered":"<p>Embora com o apoio expl\u00edcito de Ibaneis Rocha, a candidatura de Cleber Lopes \u00e0 presid\u00eancia da OAB em Bras\u00edlia come\u00e7a a fazer \u00e1gua. Motivos de preocupa\u00e7\u00e3o n\u00e3o faltam. \u00c9 que, fugindo \u00e0 teoria de que quem divide o bolo governa, aliados do pr\u00f3prio governador decidiram se unir em torno da candidatura de Everardo Gueiros. Com [&hellip;]<\/p>\n","protected":false},"author":2,"featured_media":339625,"comment_status":"closed","ping_status":"closed","sticky":false,"template":"","format":"standard","meta":{"_acf_changed":false,"footnotes":""},"categories":[161],"tags":[95],"class_list":["post-339624","post","type-post","status-publish","format-standard","has-post-thumbnail","hentry","category-quadradinho-em-foco","tag-capa"],"acf":[],"_links":{"self":[{"href":"https:\/\/www.notibras.com\/site\/wp-json\/wp\/v2\/posts\/339624","targetHints":{"allow":["GET"]}}],"collection":[{"href":"https:\/\/www.notibras.com\/site\/wp-json\/wp\/v2\/posts"}],"about":[{"href":"https:\/\/www.notibras.com\/site\/wp-json\/wp\/v2\/types\/post"}],"author":[{"embeddable":true,"href":"https:\/\/www.notibras.com\/site\/wp-json\/wp\/v2\/users\/2"}],"replies":[{"embeddable":true,"href":"https:\/\/www.notibras.com\/site\/wp-json\/wp\/v2\/comments?post=339624"}],"version-history":[{"count":2,"href":"https:\/\/www.notibras.com\/site\/wp-json\/wp\/v2\/posts\/339624\/revisions"}],"predecessor-version":[{"id":339627,"href":"https:\/\/www.notibras.com\/site\/wp-json\/wp\/v2\/posts\/339624\/revisions\/339627"}],"wp:featuredmedia":[{"embeddable":true,"href":"https:\/\/www.notibras.com\/site\/wp-json\/wp\/v2\/media\/339625"}],"wp:attachment":[{"href":"https:\/\/www.notibras.com\/site\/wp-json\/wp\/v2\/media?parent=339624"}],"wp:term":[{"taxonomy":"category","embeddable":true,"href":"https:\/\/www.notibras.com\/site\/wp-json\/wp\/v2\/categories?post=339624"},{"taxonomy":"post_tag","embeddable":true,"href":"https:\/\/www.notibras.com\/site\/wp-json\/wp\/v2\/tags?post=339624"}],"curies":[{"name":"wp","href":"https:\/\/api.w.org\/{rel}","templated":true}]}}