{"id":339681,"date":"2024-10-30T00:01:39","date_gmt":"2024-10-30T03:01:39","guid":{"rendered":"https:\/\/www.notibras.com\/site\/?p=339681"},"modified":"2024-10-30T06:54:24","modified_gmt":"2024-10-30T09:54:24","slug":"fortaleza-recebe-mestres-internacionais-para-discutir-educacao","status":"publish","type":"post","link":"https:\/\/www.notibras.com\/site\/fortaleza-recebe-mestres-internacionais-para-discutir-educacao\/","title":{"rendered":"Fortaleza recebe mestres internacionais para discutir educa\u00e7\u00e3o"},"content":{"rendered":"<p>Desde a ter\u00e7a-feira, 29, Fortaleza re\u00fane autoridades de diversos pa\u00edses para discutir educa\u00e7\u00e3o. A capital cearense sedia reuni\u00f5es no \u00e2mbito do G20, tanto a \u00faltima etapa do Grupo de Trabalho\u202f(GT)\u202fde Educa\u00e7\u00e3o, quanto a Ministerial de Educa\u00e7\u00e3o, al\u00e9m da Reuni\u00e3o\u202fGlobal de Educa\u00e7\u00e3o (GEM) 2024.<\/p>\n<p>O Grupo de Trabalho em Educa\u00e7\u00e3o teve origem na preocupa\u00e7\u00e3o dos membros do G20 com o grande contingente de jovens em todo o mundo que nem estudam nem trabalham, al\u00e9m dos impactos econ\u00f4micos e sociais da educa\u00e7\u00e3o. Nesta ter\u00e7a, \u00e9 realizada a terceira e \u00faltima reuni\u00e3o do GT.<\/p>\n<p>Durante a presid\u00eancia brasileira, o Grupo de Trabalho em Educa\u00e7\u00e3o estar\u00e1 voltado a tr\u00eas iniciativas: a valoriza\u00e7\u00e3o dos profissionais da educa\u00e7\u00e3o por meio de medidas internacionais de qualifica\u00e7\u00e3o; o compartilhamento de conte\u00fado sobre Educa\u00e7\u00e3o para o Desenvolvimento Sustent\u00e1vel por meio de plataformas de recursos digitais; e a Exposi\u00e7\u00e3o Virtual do G20 de pr\u00e1ticas de engajamento escola-comunidade.<\/p>\n<p>Nesta quarta-feira (30) ser\u00e1 realizada a Ministerial de Educa\u00e7\u00e3o, reuni\u00e3o dos ministros da Educa\u00e7\u00e3o dos membros do G20.<\/p>\n<p>O Grupo dos Vinte (G20) \u00e9 o principal f\u00f3rum de coopera\u00e7\u00e3o econ\u00f4mica internacional. \u00c9 composto por Argentina, Austr\u00e1lia, Brasil, Canad\u00e1, China, Fran\u00e7a, Alemanha, \u00cdndia, Indon\u00e9sia, It\u00e1lia, Jap\u00e3o, Rep\u00fablica da Coreia, M\u00e9xico, R\u00fassia, Ar\u00e1bia Saudita, \u00c1frica do Sul, Turquia, Reino Unido e Estados Unidos, al\u00e9m da Uni\u00e3o Europeia.<\/p>\n<p>Os membros do G20 representam cerca de 85% do Produto Interno Bruto (PIB, soma de todos os bens e servi\u00e7os produzidos por um pa\u00eds) global, mais de 75% do com\u00e9rcio global e cerca de dois ter\u00e7os da popula\u00e7\u00e3o mundial.<\/p>\n<p>Desde 2008, os pa\u00edses revezam-se na presid\u00eancia. Esta \u00e9 a primeira vez que o Brasil preside o G20 no atual formato. Ao longo do ano est\u00e3o sendo realizadas uma s\u00e9rie de reuni\u00f5es que culminar\u00e3o na C\u00fapula de L\u00edderes do G20, nos dias 18 e 19 de novembro de 2024, no Rio de Janeiro.<\/p>\n<p>J\u00e1 entre os dias 31 de outubro e 2 de novembro ocorre a Reuni\u00e3o Global de Educa\u00e7\u00e3o (GEM, na sigla em ingl\u00eas), organizada\u202fpela Organiza\u00e7\u00e3o das Na\u00e7\u00f5es Unidas para a Educa\u00e7\u00e3o, a Ci\u00eancia e a Cultura (Unesco), que ser\u00e1 sediada pelo governo brasileiro.<\/p>\n<p>Estar\u00e1 reunida a comunidade internacional de educa\u00e7\u00e3o, incluindo atores governamentais e n\u00e3o estatais, para chegar a um acordo sobre estrat\u00e9gias de acelera\u00e7\u00e3o para os anos restantes da Agenda 2030, levando em conta a vis\u00e3o transformadora da educa\u00e7\u00e3o.<\/p>\n<p>A Agenda 2030 \u00e9 composta pelos Objetivos de Desenvolvimento Sustent\u00e1vel (ODS). Os ODS s\u00e3o uma agenda mundial para acabar com a pobreza e as desigualdades. Eles foram pactuados pelos 193 Estados-Membros da Organiza\u00e7\u00e3o das Na\u00e7\u00f5es Unidas (ONU) e devem ser cumpridos at\u00e9 2030. Ao todo, s\u00e3o 17 ODS.<\/p>\n<p>Entre os ODS est\u00e1 o ODS 4, voltado para garantir o acesso \u00e0 educa\u00e7\u00e3o inclusiva, de qualidade e equitativa, e promover oportunidades de aprendizagem ao longo da vida para todos.<\/p>\n","protected":false},"excerpt":{"rendered":"<p>Desde a ter\u00e7a-feira, 29, Fortaleza re\u00fane autoridades de diversos pa\u00edses para discutir educa\u00e7\u00e3o. A capital cearense sedia reuni\u00f5es no \u00e2mbito do G20, tanto a \u00faltima etapa do Grupo de Trabalho\u202f(GT)\u202fde Educa\u00e7\u00e3o, quanto a Ministerial de Educa\u00e7\u00e3o, al\u00e9m da Reuni\u00e3o\u202fGlobal de Educa\u00e7\u00e3o (GEM) 2024. O Grupo de Trabalho em Educa\u00e7\u00e3o teve origem na preocupa\u00e7\u00e3o dos membros [&hellip;]<\/p>\n","protected":false},"author":2,"featured_media":339682,"comment_status":"closed","ping_status":"closed","sticky":false,"template":"","format":"standard","meta":{"_acf_changed":false,"footnotes":""},"categories":[165],"tags":[],"class_list":["post-339681","post","type-post","status-publish","format-standard","has-post-thumbnail","hentry","category-nordeste"],"acf":[],"_links":{"self":[{"href":"https:\/\/www.notibras.com\/site\/wp-json\/wp\/v2\/posts\/339681","targetHints":{"allow":["GET"]}}],"collection":[{"href":"https:\/\/www.notibras.com\/site\/wp-json\/wp\/v2\/posts"}],"about":[{"href":"https:\/\/www.notibras.com\/site\/wp-json\/wp\/v2\/types\/post"}],"author":[{"embeddable":true,"href":"https:\/\/www.notibras.com\/site\/wp-json\/wp\/v2\/users\/2"}],"replies":[{"embeddable":true,"href":"https:\/\/www.notibras.com\/site\/wp-json\/wp\/v2\/comments?post=339681"}],"version-history":[{"count":1,"href":"https:\/\/www.notibras.com\/site\/wp-json\/wp\/v2\/posts\/339681\/revisions"}],"predecessor-version":[{"id":339683,"href":"https:\/\/www.notibras.com\/site\/wp-json\/wp\/v2\/posts\/339681\/revisions\/339683"}],"wp:featuredmedia":[{"embeddable":true,"href":"https:\/\/www.notibras.com\/site\/wp-json\/wp\/v2\/media\/339682"}],"wp:attachment":[{"href":"https:\/\/www.notibras.com\/site\/wp-json\/wp\/v2\/media?parent=339681"}],"wp:term":[{"taxonomy":"category","embeddable":true,"href":"https:\/\/www.notibras.com\/site\/wp-json\/wp\/v2\/categories?post=339681"},{"taxonomy":"post_tag","embeddable":true,"href":"https:\/\/www.notibras.com\/site\/wp-json\/wp\/v2\/tags?post=339681"}],"curies":[{"name":"wp","href":"https:\/\/api.w.org\/{rel}","templated":true}]}}