{"id":339684,"date":"2024-10-30T00:00:45","date_gmt":"2024-10-30T03:00:45","guid":{"rendered":"https:\/\/www.notibras.com\/site\/?p=339684"},"modified":"2024-10-30T07:01:12","modified_gmt":"2024-10-30T10:01:12","slug":"hugo-motta-paraibano-deve-ser-proximo-presidente-da-camara","status":"publish","type":"post","link":"https:\/\/www.notibras.com\/site\/hugo-motta-paraibano-deve-ser-proximo-presidente-da-camara\/","title":{"rendered":"Hugo Motta, paraibano, deve ser pr\u00f3ximo presidente da C\u00e2mara"},"content":{"rendered":"<p>O presidente da C\u00e2mara dos Deputados, deputado Arthur Lira (PP-AL), anunciou nesta ter\u00e7a-feira (29) o deputado do Partido Republicanos, da Para\u00edba, Hugo Motta, como seu candidato \u00e0 presid\u00eancia da Casa, em elei\u00e7\u00e3o prevista para o dia 1\u00ba de fevereiro de 2025.<\/p>\n<p>\u201cDepois de muito conversar e, sobretudo, de ouvir, estou convicto de que o candidato com maiores condi\u00e7\u00f5es pol\u00edticas de construir converg\u00eancias no parlamento \u00e9 o deputado Hugo Motta, nome que demonstrou capacidade de aliar polos aparentemente antag\u00f4nicos com di\u00e1logo, leveza e altivez\u201d, afirmou Lira, em p\u00falpito montado na frente da resid\u00eancia oficial do presidente da C\u00e2mara, em Bras\u00edlia (DF).<\/p>\n<p>Hugo Motta \u00e9 o primeiro candidato \u00e0 presid\u00eancia da C\u00e2mara oficialmente lan\u00e7ado na disputa. Ao lado de Motta e outros aliados, Lira afirmou o l\u00edder do Republicanos, que est\u00e1 no quarto mandato de deputado federal, viveu os desafios por quais passou a gest\u00e3o dele na presid\u00eancia da Casa.<\/p>\n<p>\u201c[Hugo Motta] vai saber manter a marcha da C\u00e2mara dos Deputados, seguindo esta mesma receita que tantos bons frutos deu ao Brasil: respeito ao plen\u00e1rio, cumprimento da palavra empenhada e busca incessante por converg\u00eancia\u201d, completou.<\/p>\n<p>Lira ainda citou os poss\u00edveis concorrentes \u00e0 cadeira de presidente da C\u00e2mara, os deputados Elmar Nascimento (Uni\u00e3o Brasil\/BA) e Ant\u00f4nio Britto (PSD\/BA), que podem disputar com o Hugo Motta em fevereiro do pr\u00f3ximo ano.<\/p>\n<p>\u201cJamais caberia a mim, presidente da Casa, um entre iguais, cercear as leg\u00edtimas pretens\u00f5es de quem quer que seja\u201d, afirmou, acrescentando que conversou com os dois deputados.<\/p>\n<p>\u201cMantive um di\u00e1logo aberto, franco e sobretudo leal, e a todos fiz apenas um \u00fanico pedido: viabilizem-se junto \u00e0s deputadas e aos deputados, pois sem converg\u00eancia n\u00e3o h\u00e1 governabilidade. E sem governabilidade, sofre o pa\u00eds. Sofre a popula\u00e7\u00e3o\u201d, alertou.<\/p>\n<p>O deputado Arthur Lira n\u00e3o pode se reeleger porque a Constitui\u00e7\u00e3o veda a reelei\u00e7\u00e3o de presidente da C\u00e2mara dentro de uma mesma legislatura.<\/p>\n","protected":false},"excerpt":{"rendered":"<p>O presidente da C\u00e2mara dos Deputados, deputado Arthur Lira (PP-AL), anunciou nesta ter\u00e7a-feira (29) o deputado do Partido Republicanos, da Para\u00edba, Hugo Motta, como seu candidato \u00e0 presid\u00eancia da Casa, em elei\u00e7\u00e3o prevista para o dia 1\u00ba de fevereiro de 2025. \u201cDepois de muito conversar e, sobretudo, de ouvir, estou convicto de que o candidato [&hellip;]<\/p>\n","protected":false},"author":2,"featured_media":339685,"comment_status":"closed","ping_status":"closed","sticky":false,"template":"","format":"standard","meta":{"_acf_changed":false,"footnotes":""},"categories":[165],"tags":[],"class_list":["post-339684","post","type-post","status-publish","format-standard","has-post-thumbnail","hentry","category-nordeste"],"acf":[],"_links":{"self":[{"href":"https:\/\/www.notibras.com\/site\/wp-json\/wp\/v2\/posts\/339684","targetHints":{"allow":["GET"]}}],"collection":[{"href":"https:\/\/www.notibras.com\/site\/wp-json\/wp\/v2\/posts"}],"about":[{"href":"https:\/\/www.notibras.com\/site\/wp-json\/wp\/v2\/types\/post"}],"author":[{"embeddable":true,"href":"https:\/\/www.notibras.com\/site\/wp-json\/wp\/v2\/users\/2"}],"replies":[{"embeddable":true,"href":"https:\/\/www.notibras.com\/site\/wp-json\/wp\/v2\/comments?post=339684"}],"version-history":[{"count":1,"href":"https:\/\/www.notibras.com\/site\/wp-json\/wp\/v2\/posts\/339684\/revisions"}],"predecessor-version":[{"id":339686,"href":"https:\/\/www.notibras.com\/site\/wp-json\/wp\/v2\/posts\/339684\/revisions\/339686"}],"wp:featuredmedia":[{"embeddable":true,"href":"https:\/\/www.notibras.com\/site\/wp-json\/wp\/v2\/media\/339685"}],"wp:attachment":[{"href":"https:\/\/www.notibras.com\/site\/wp-json\/wp\/v2\/media?parent=339684"}],"wp:term":[{"taxonomy":"category","embeddable":true,"href":"https:\/\/www.notibras.com\/site\/wp-json\/wp\/v2\/categories?post=339684"},{"taxonomy":"post_tag","embeddable":true,"href":"https:\/\/www.notibras.com\/site\/wp-json\/wp\/v2\/tags?post=339684"}],"curies":[{"name":"wp","href":"https:\/\/api.w.org\/{rel}","templated":true}]}}