{"id":339690,"date":"2024-10-30T00:11:51","date_gmt":"2024-10-30T03:11:51","guid":{"rendered":"https:\/\/www.notibras.com\/site\/?p=339690"},"modified":"2024-10-30T07:13:28","modified_gmt":"2024-10-30T10:13:28","slug":"relatorio-final-aponta-falhas-evidentes-na-seguranca-no-8-de-janeiro","status":"publish","type":"post","link":"https:\/\/www.notibras.com\/site\/relatorio-final-aponta-falhas-evidentes-na-seguranca-no-8-de-janeiro\/","title":{"rendered":"Relat\u00f3rio final aponta falhas evidentes na seguran\u00e7a no 8 de janeiro"},"content":{"rendered":"<p>A Pol\u00edcia Federal concluiu que falhas evidentes da Secretaria de Seguran\u00e7a P\u00fablica do Distrito Federal foram decisivas para os atos de viol\u00eancia ocorridos no dia 8 de janeiro de 2023. Nessa data, um grupo de pessoas promoveu invas\u00f5es aos pr\u00e9dios dos Tr\u00eas Poderes, que resultaram em vandalismo e depreda\u00e7\u00e3o do patrim\u00f4nio p\u00fablico.<\/p>\n<p>A conclus\u00e3o est\u00e1 em um trecho do relat\u00f3rio final encaminhado pela Pol\u00edcia Federal ao Supremo Tribunal Federal (STF) que foi citado em um despacho do ministro do STF Alexandre de Moraes. O documento foi encaminhado \u00e0 Procuradoria-Geral da Rep\u00fablica para manifesta\u00e7\u00e3o no prazo de 15 dias.<\/p>\n<p>\u201cConclui-se que as falhas da Secretaria de Seguran\u00e7a P\u00fablica do Distrito Federal (SSP\/DF) no enfrentamento das manifesta\u00e7\u00f5es de 08\/01\/2023 s\u00e3o evidentes, especialmente pela aus\u00eancia inesperada de seu principal l\u00edder, Anderson Gustavo Torres [ent\u00e3o secret\u00e1rio de Seguran\u00e7a P\u00fablica do DF], em um momento de extrema relev\u00e2ncia aliado a falta de a\u00e7\u00f5es coordenadas e a difus\u00e3o restrita de informa\u00e7\u00f5es cruciais contidas no Relat\u00f3rio de Intelig\u00eancia no 6\/2023 foram fatores decisivos que contribu\u00edram diretamente para a inefici\u00eancia da resposta das for\u00e7as de seguran\u00e7a\u201d, diz o relat\u00f3rio da PF.<\/p>\n<p>O documento tamb\u00e9m aponta despreparo da seguran\u00e7a p\u00fablica do Distrito Federal. \u201cEm suma, a aus\u00eancia de articula\u00e7\u00e3o e de difus\u00e3o de dados comprometeu a capacidade de antecipar e enfrentar os atos de viol\u00eancia, revelando um despreparo que n\u00e3o p\u00f4de conter a escalada dos eventos ocorridos 08 de janeiro de 2023\u201d.<\/p>\n<p>O STF j\u00e1 condenou mais de 200 envolvidos no 8 de janeiro. Eles respondem pelos crimes de associa\u00e7\u00e3o criminosa armada, dano qualificado, deteriora\u00e7\u00e3o do patrim\u00f4nio tombado, aboli\u00e7\u00e3o violenta do Estado Democr\u00e1tico de Direito e tentativa de golpe de Estado.<\/p>\n","protected":false},"excerpt":{"rendered":"<p>A Pol\u00edcia Federal concluiu que falhas evidentes da Secretaria de Seguran\u00e7a P\u00fablica do Distrito Federal foram decisivas para os atos de viol\u00eancia ocorridos no dia 8 de janeiro de 2023. Nessa data, um grupo de pessoas promoveu invas\u00f5es aos pr\u00e9dios dos Tr\u00eas Poderes, que resultaram em vandalismo e depreda\u00e7\u00e3o do patrim\u00f4nio p\u00fablico. A conclus\u00e3o est\u00e1 [&hellip;]<\/p>\n","protected":false},"author":2,"featured_media":339691,"comment_status":"closed","ping_status":"closed","sticky":false,"template":"","format":"standard","meta":{"_acf_changed":false,"footnotes":""},"categories":[161],"tags":[],"class_list":["post-339690","post","type-post","status-publish","format-standard","has-post-thumbnail","hentry","category-quadradinho-em-foco"],"acf":[],"_links":{"self":[{"href":"https:\/\/www.notibras.com\/site\/wp-json\/wp\/v2\/posts\/339690","targetHints":{"allow":["GET"]}}],"collection":[{"href":"https:\/\/www.notibras.com\/site\/wp-json\/wp\/v2\/posts"}],"about":[{"href":"https:\/\/www.notibras.com\/site\/wp-json\/wp\/v2\/types\/post"}],"author":[{"embeddable":true,"href":"https:\/\/www.notibras.com\/site\/wp-json\/wp\/v2\/users\/2"}],"replies":[{"embeddable":true,"href":"https:\/\/www.notibras.com\/site\/wp-json\/wp\/v2\/comments?post=339690"}],"version-history":[{"count":1,"href":"https:\/\/www.notibras.com\/site\/wp-json\/wp\/v2\/posts\/339690\/revisions"}],"predecessor-version":[{"id":339692,"href":"https:\/\/www.notibras.com\/site\/wp-json\/wp\/v2\/posts\/339690\/revisions\/339692"}],"wp:featuredmedia":[{"embeddable":true,"href":"https:\/\/www.notibras.com\/site\/wp-json\/wp\/v2\/media\/339691"}],"wp:attachment":[{"href":"https:\/\/www.notibras.com\/site\/wp-json\/wp\/v2\/media?parent=339690"}],"wp:term":[{"taxonomy":"category","embeddable":true,"href":"https:\/\/www.notibras.com\/site\/wp-json\/wp\/v2\/categories?post=339690"},{"taxonomy":"post_tag","embeddable":true,"href":"https:\/\/www.notibras.com\/site\/wp-json\/wp\/v2\/tags?post=339690"}],"curies":[{"name":"wp","href":"https:\/\/api.w.org\/{rel}","templated":true}]}}