{"id":339696,"date":"2024-10-30T00:01:28","date_gmt":"2024-10-30T03:01:28","guid":{"rendered":"https:\/\/www.notibras.com\/site\/?p=339696"},"modified":"2024-10-30T07:27:35","modified_gmt":"2024-10-30T10:27:35","slug":"nota-legal-vai-sortear-novo-premio-maximo-de-1-milhao-de-reais","status":"publish","type":"post","link":"https:\/\/www.notibras.com\/site\/nota-legal-vai-sortear-novo-premio-maximo-de-1-milhao-de-reais\/","title":{"rendered":"Nota Legal vai sortear novo pr\u00eamio m\u00e1ximo de 1 milh\u00e3o de reais"},"content":{"rendered":"<p>Quem estiver concorrendo aos pr\u00eamios do programa Nota Legal j\u00e1 pode torcer para se tornar um milion\u00e1rio. Decreto assinado pela governadora em exerc\u00edcio Celina Le\u00e3o nesta ter\u00e7a-feira (29) dobra o valor do pr\u00eamio, que passou de R$ 500 mil para R$ 1 milh\u00e3o. O sorteio ser\u00e1 dia 13 de dezembro.<\/p>\n<p>\u201cHoje assinamos um decreto que dobra a premia\u00e7\u00e3o m\u00e1xima do Nota Legal. Al\u00e9m de todos os benef\u00edcios para quem participa do programa, agora tamb\u00e9m \u00e9 poss\u00edvel ganhar R$ 1 milh\u00e3o. O Nota Legal \u00e9 important\u00edssimo para toda a sociedade e nos ajuda a investir em \u00e1reas essenciais para a popula\u00e7\u00e3o\u201d, ressalta Celina Le\u00e3o.<\/p>\n<p>Com o decreto, o pr\u00f3ximo sorteio ir\u00e1 distribuir 12,6 mil pr\u00eamios de R$ 100 a R$ 1 milh\u00e3o, totalizando R$ 3,5 milh\u00f5es em premia\u00e7\u00f5es.<\/p>\n<p>O secret\u00e1rio de Economia, Ney Ferraz, refor\u00e7a que quanto mais a popula\u00e7\u00e3o pede a nota fiscal, mais retorno tem a sociedade.<\/p>\n<p>\u201cEsperamos que, cada vez mais, a popula\u00e7\u00e3o pe\u00e7a a nota fiscal e ajude o governo com esse grande ato de cidadania. Quanto mais a popula\u00e7\u00e3o pede a nota fiscal, mais todo mundo ganha. Porque os tributos arrecadados s\u00e3o transformados em benef\u00edcios para a sociedade em diversas \u00e1reas como sa\u00fade, educa\u00e7\u00e3o e mobilidade\u201d, pontua.<\/p>\n<p>Confira os pr\u00eamios que ser\u00e3o sorteados:<\/p>\n<p><strong>\u2192 1 pr\u00eamio de R$ 1 milh\u00e3o<\/strong><br \/>\n<strong>\u2192 2 pr\u00eamios de R$ 200 mil<\/strong><br \/>\n<strong>\u2192 3 pr\u00eamios de R$ 100 mil<\/strong><br \/>\n<strong>\u2192 4 pr\u00eamios de R$ 50 mil<\/strong><br \/>\n<strong>\u2192 10 pr\u00eamios de R$ 10 mil<\/strong><br \/>\n<strong>\u2192 30 pr\u00eamios de R$ 5 mil<\/strong><br \/>\n<strong>\u2192 50 pr\u00eamios de R$ 1 mil<\/strong><br \/>\n<strong>\u2192 500 pr\u00eamios de R$ 200<\/strong><br \/>\n<strong>\u2192 12.000 pr\u00eamios de R$ 100<\/strong><\/p>\n","protected":false},"excerpt":{"rendered":"<p>Quem estiver concorrendo aos pr\u00eamios do programa Nota Legal j\u00e1 pode torcer para se tornar um milion\u00e1rio. Decreto assinado pela governadora em exerc\u00edcio Celina Le\u00e3o nesta ter\u00e7a-feira (29) dobra o valor do pr\u00eamio, que passou de R$ 500 mil para R$ 1 milh\u00e3o. O sorteio ser\u00e1 dia 13 de dezembro. \u201cHoje assinamos um decreto que [&hellip;]<\/p>\n","protected":false},"author":2,"featured_media":339697,"comment_status":"closed","ping_status":"closed","sticky":false,"template":"","format":"standard","meta":{"_acf_changed":false,"footnotes":""},"categories":[161],"tags":[],"class_list":["post-339696","post","type-post","status-publish","format-standard","has-post-thumbnail","hentry","category-quadradinho-em-foco"],"acf":[],"_links":{"self":[{"href":"https:\/\/www.notibras.com\/site\/wp-json\/wp\/v2\/posts\/339696","targetHints":{"allow":["GET"]}}],"collection":[{"href":"https:\/\/www.notibras.com\/site\/wp-json\/wp\/v2\/posts"}],"about":[{"href":"https:\/\/www.notibras.com\/site\/wp-json\/wp\/v2\/types\/post"}],"author":[{"embeddable":true,"href":"https:\/\/www.notibras.com\/site\/wp-json\/wp\/v2\/users\/2"}],"replies":[{"embeddable":true,"href":"https:\/\/www.notibras.com\/site\/wp-json\/wp\/v2\/comments?post=339696"}],"version-history":[{"count":1,"href":"https:\/\/www.notibras.com\/site\/wp-json\/wp\/v2\/posts\/339696\/revisions"}],"predecessor-version":[{"id":339698,"href":"https:\/\/www.notibras.com\/site\/wp-json\/wp\/v2\/posts\/339696\/revisions\/339698"}],"wp:featuredmedia":[{"embeddable":true,"href":"https:\/\/www.notibras.com\/site\/wp-json\/wp\/v2\/media\/339697"}],"wp:attachment":[{"href":"https:\/\/www.notibras.com\/site\/wp-json\/wp\/v2\/media?parent=339696"}],"wp:term":[{"taxonomy":"category","embeddable":true,"href":"https:\/\/www.notibras.com\/site\/wp-json\/wp\/v2\/categories?post=339696"},{"taxonomy":"post_tag","embeddable":true,"href":"https:\/\/www.notibras.com\/site\/wp-json\/wp\/v2\/tags?post=339696"}],"curies":[{"name":"wp","href":"https:\/\/api.w.org\/{rel}","templated":true}]}}