{"id":339699,"date":"2024-10-30T00:00:17","date_gmt":"2024-10-30T03:00:17","guid":{"rendered":"https:\/\/www.notibras.com\/site\/?p=339699"},"modified":"2024-10-30T07:32:57","modified_gmt":"2024-10-30T10:32:57","slug":"seminario-vai-discutir-os-desafios-da-fiscalizacao-ambiental","status":"publish","type":"post","link":"https:\/\/www.notibras.com\/site\/seminario-vai-discutir-os-desafios-da-fiscalizacao-ambiental\/","title":{"rendered":"Semin\u00e1rio vai discutir os desafios da fiscaliza\u00e7\u00e3o ambiental"},"content":{"rendered":"<p>No dia 6 de novembro, o III Semin\u00e1rio de Integra\u00e7\u00e3o da Fiscaliza\u00e7\u00e3o Ambiental reunir\u00e1 especialistas e interessados na \u00e1rea para abordar o tema Desafios da Fiscaliza\u00e7\u00e3o no DF. O evento, que contar\u00e1 com certifica\u00e7\u00e3o para os participantes, ocorrer\u00e1 das 9h \u00e0s 16h30, e ter\u00e1 como foco central as pr\u00e1ticas e dificuldades enfrentadas na fiscaliza\u00e7\u00e3o ambiental.<\/p>\n<p>O semin\u00e1rio inicia com uma mesa de abertura \u00e0s 9h e seguir\u00e1 com pain\u00e9is tem\u00e1ticos sobre temas como a fiscaliza\u00e7\u00e3o do uso e ocupa\u00e7\u00e3o do solo, fiscaliza\u00e7\u00e3o dos recursos h\u00eddricos, seguran\u00e7a h\u00eddrica e gest\u00e3o do territ\u00f3rio, tecnologia isot\u00f3picas no combate \u00e0s infra\u00e7\u00f5es ambientais e desafios da sustentabilidade.<\/p>\n<p>O evento, que contar\u00e1 com certifica\u00e7\u00e3o para os participantes, ocorrer\u00e1 das 9h \u00e0s 16h30, e ter\u00e1 como foco central as pr\u00e1ticas e dificuldades enfrentadas na fiscaliza\u00e7\u00e3o ambiental | Foto: Divulga\u00e7\u00e3o\/Instituto Bras\u00edlia Ambiental<\/p>\n<p>Com 100 vagas abertas ao p\u00fablico em geral, as inscri\u00e7\u00f5es s\u00e3o gratuitas e podem ser realizadas neste formul\u00e1rio de inscri\u00e7\u00e3o. Confira a programa\u00e7\u00e3o completa do evento:<\/p>\n<p><strong>Manh\u00e3<\/strong><br \/>\n9h \u2013 Abertura da mesa<br \/>\n9h40 \u2013 Painel sobre fiscaliza\u00e7\u00e3o do uso e ocupa\u00e7\u00e3o do solo<br \/>\n11h \u2013 Painel sobre fiscaliza\u00e7\u00e3o dos recursos h\u00eddricos<\/p>\n<p><strong>Tarde<\/strong><br \/>\n14h \u2013 Prof. Carlos Hiroo Saito (UnB): Seguran\u00e7a h\u00eddrica e gest\u00e3o do territ\u00f3rio<br \/>\n15h \u2013 Prof. Gabriela Bielefeld (UnB): Tecnologias isot\u00f3picas no combate \u00e0s infra\u00e7\u00f5es ambientais<br \/>\n16h \u2013 Coffee break<br \/>\n16h30 \u2013 Prof. Cristiane Barreto (UnB): Os desafios da sustentabilidade<\/p>\n","protected":false},"excerpt":{"rendered":"<p>No dia 6 de novembro, o III Semin\u00e1rio de Integra\u00e7\u00e3o da Fiscaliza\u00e7\u00e3o Ambiental reunir\u00e1 especialistas e interessados na \u00e1rea para abordar o tema Desafios da Fiscaliza\u00e7\u00e3o no DF. O evento, que contar\u00e1 com certifica\u00e7\u00e3o para os participantes, ocorrer\u00e1 das 9h \u00e0s 16h30, e ter\u00e1 como foco central as pr\u00e1ticas e dificuldades enfrentadas na fiscaliza\u00e7\u00e3o ambiental. [&hellip;]<\/p>\n","protected":false},"author":2,"featured_media":339700,"comment_status":"closed","ping_status":"closed","sticky":false,"template":"","format":"standard","meta":{"_acf_changed":false,"footnotes":""},"categories":[161],"tags":[],"class_list":["post-339699","post","type-post","status-publish","format-standard","has-post-thumbnail","hentry","category-quadradinho-em-foco"],"acf":[],"_links":{"self":[{"href":"https:\/\/www.notibras.com\/site\/wp-json\/wp\/v2\/posts\/339699","targetHints":{"allow":["GET"]}}],"collection":[{"href":"https:\/\/www.notibras.com\/site\/wp-json\/wp\/v2\/posts"}],"about":[{"href":"https:\/\/www.notibras.com\/site\/wp-json\/wp\/v2\/types\/post"}],"author":[{"embeddable":true,"href":"https:\/\/www.notibras.com\/site\/wp-json\/wp\/v2\/users\/2"}],"replies":[{"embeddable":true,"href":"https:\/\/www.notibras.com\/site\/wp-json\/wp\/v2\/comments?post=339699"}],"version-history":[{"count":1,"href":"https:\/\/www.notibras.com\/site\/wp-json\/wp\/v2\/posts\/339699\/revisions"}],"predecessor-version":[{"id":339701,"href":"https:\/\/www.notibras.com\/site\/wp-json\/wp\/v2\/posts\/339699\/revisions\/339701"}],"wp:featuredmedia":[{"embeddable":true,"href":"https:\/\/www.notibras.com\/site\/wp-json\/wp\/v2\/media\/339700"}],"wp:attachment":[{"href":"https:\/\/www.notibras.com\/site\/wp-json\/wp\/v2\/media?parent=339699"}],"wp:term":[{"taxonomy":"category","embeddable":true,"href":"https:\/\/www.notibras.com\/site\/wp-json\/wp\/v2\/categories?post=339699"},{"taxonomy":"post_tag","embeddable":true,"href":"https:\/\/www.notibras.com\/site\/wp-json\/wp\/v2\/tags?post=339699"}],"curies":[{"name":"wp","href":"https:\/\/api.w.org\/{rel}","templated":true}]}}