{"id":339754,"date":"2024-10-30T11:53:30","date_gmt":"2024-10-30T14:53:30","guid":{"rendered":"https:\/\/www.notibras.com\/site\/?p=339754"},"modified":"2024-10-30T13:46:24","modified_gmt":"2024-10-30T16:46:24","slug":"mulher-entra-no-planalto-e-nua-e-crua-tenta-falar-com-lula","status":"publish","type":"post","link":"https:\/\/www.notibras.com\/site\/mulher-entra-no-planalto-e-nua-e-crua-tenta-falar-com-lula\/","title":{"rendered":"Mulher entra no Planalto e, nua e crua, tenta falar com Lula"},"content":{"rendered":"<p>Uma mulher relativamente jovem, de corpo bonito, olhar doce e sorriso sensual, aprontou nesta quarta, 30, uma daquelas que at\u00e9 Deus duvida: entrou no Pal\u00e1cio do Planalto e, ato cont\u00ednuo, tirou a roupa, dizendo que desejava falar com o presidente Luiz In\u00e1cio Lula da Silva.<\/p>\n<p>A cena provocou um corre-corre, claro. Agentes de seguran\u00e7a n\u00e3o sabiam o que fazer, at\u00e9 que cobriram a &#8216;invasora&#8217; com um palet\u00f3 e a levaram ao banheiro feminino. L\u00e1, foi atendida por uma equipe de m\u00e9dios do pr\u00f3prio presidente. Sem documentos, a mo\u00e7a n\u00e3o falava coisa com coisa.<\/p>\n<p>Diagnosticada com um suposto transtorno mental transit\u00f3rio, a mulher foi transferida de ambul\u00e2ncia para o Hospital de Base. A Secretaria de Comunica\u00e7\u00e3o da Presid\u00eancia n\u00e3o entrou em muitos detalhes, considerando o fato de &#8216;menor import\u00e2ncia&#8217;.<\/p>\n<p>Como disse um seguran\u00e7a, &#8216;tem doido pra tudo&#8217;. N\u00e3o se sabe, por\u00e9m, se o coment\u00e1rio se referia \u00e0 mo\u00e7a ou aos servidores palacianos que deixaram o vexame acontecer.<\/p>\n","protected":false},"excerpt":{"rendered":"<p>Uma mulher relativamente jovem, de corpo bonito, olhar doce e sorriso sensual, aprontou nesta quarta, 30, uma daquelas que at\u00e9 Deus duvida: entrou no Pal\u00e1cio do Planalto e, ato cont\u00ednuo, tirou a roupa, dizendo que desejava falar com o presidente Luiz In\u00e1cio Lula da Silva. A cena provocou um corre-corre, claro. Agentes de seguran\u00e7a n\u00e3o [&hellip;]<\/p>\n","protected":false},"author":2,"featured_media":339755,"comment_status":"closed","ping_status":"closed","sticky":false,"template":"","format":"standard","meta":{"_acf_changed":false,"footnotes":""},"categories":[161],"tags":[95],"class_list":["post-339754","post","type-post","status-publish","format-standard","has-post-thumbnail","hentry","category-quadradinho-em-foco","tag-capa"],"acf":[],"_links":{"self":[{"href":"https:\/\/www.notibras.com\/site\/wp-json\/wp\/v2\/posts\/339754","targetHints":{"allow":["GET"]}}],"collection":[{"href":"https:\/\/www.notibras.com\/site\/wp-json\/wp\/v2\/posts"}],"about":[{"href":"https:\/\/www.notibras.com\/site\/wp-json\/wp\/v2\/types\/post"}],"author":[{"embeddable":true,"href":"https:\/\/www.notibras.com\/site\/wp-json\/wp\/v2\/users\/2"}],"replies":[{"embeddable":true,"href":"https:\/\/www.notibras.com\/site\/wp-json\/wp\/v2\/comments?post=339754"}],"version-history":[{"count":1,"href":"https:\/\/www.notibras.com\/site\/wp-json\/wp\/v2\/posts\/339754\/revisions"}],"predecessor-version":[{"id":339756,"href":"https:\/\/www.notibras.com\/site\/wp-json\/wp\/v2\/posts\/339754\/revisions\/339756"}],"wp:featuredmedia":[{"embeddable":true,"href":"https:\/\/www.notibras.com\/site\/wp-json\/wp\/v2\/media\/339755"}],"wp:attachment":[{"href":"https:\/\/www.notibras.com\/site\/wp-json\/wp\/v2\/media?parent=339754"}],"wp:term":[{"taxonomy":"category","embeddable":true,"href":"https:\/\/www.notibras.com\/site\/wp-json\/wp\/v2\/categories?post=339754"},{"taxonomy":"post_tag","embeddable":true,"href":"https:\/\/www.notibras.com\/site\/wp-json\/wp\/v2\/tags?post=339754"}],"curies":[{"name":"wp","href":"https:\/\/api.w.org\/{rel}","templated":true}]}}