{"id":339757,"date":"2024-10-30T12:32:14","date_gmt":"2024-10-30T15:32:14","guid":{"rendered":"https:\/\/www.notibras.com\/site\/?p=339757"},"modified":"2024-10-30T16:09:12","modified_gmt":"2024-10-30T19:09:12","slug":"lula-cabral-ganha-na-urna-e-no-tse-direito-de-governar-o-cabo","status":"publish","type":"post","link":"https:\/\/www.notibras.com\/site\/lula-cabral-ganha-na-urna-e-no-tse-direito-de-governar-o-cabo\/","title":{"rendered":"Lula Cabral ganha na urna e no TSE direito de governar o Cabo"},"content":{"rendered":"<p>O ex-prefeito do Cabo de Santo Agostinho, na Regi\u00e3o Metropolitana do Recife e atual deputado estadual Lula Cabral (SD) voltar\u00e1 \u00e0 chefia do munic\u00edpio no dia 1\u00ba de janeiro por decis\u00e3o monocr\u00e1tica do ministro Nunes Marques, do Tribunal Superior Eleitoral, que na noite dessa segunda-feira (29) deferiu sua candidatura que estava sub judice desde o primeiro turno, quando venceu seu antigo aliado e atual prefeito Keko do Armaz\u00e9m (PP) com uma vantagem de 46,64% sobre 41,74% dos votos v\u00e1lidos.<\/p>\n<p>Lula Cabral disputou a elei\u00e7\u00e3o do dia 6 de outubro na condi\u00e7\u00e3o de ineleg\u00edvel declarada pelo Tribunal Regional Eleitoral, em agosto, devido \u00e0 rejei\u00e7\u00e3o, pela C\u00e2mara Municipal do Cabo, das contas da prefeitura em 2017, ano em que ele exercia seu segundo mandato de prefeito. Vitorioso nas urnas, Cabral recorreu ao TSE e obteve liminar favor\u00e1vel publicada no \u00faltimo minuto. Embora caiba recurso da decis\u00e3o de Nunes Marques, a coliga\u00e7\u00e3o (PP-PT) de Keko do Armaz\u00e9m ainda n\u00e3o se manifestou.<\/p>\n<p>Em publica\u00e7\u00e3o em seu perfil no Instagram, Lula Cabral comemorou a decis\u00e3o. &#8220;Nosso registro de candidatura foi DEFERIDO no TSE e n\u00f3s vencemos mais uma vez. Quando Deus coloca a m\u00e3o, n\u00e3o h\u00e1 nada que possa impedir!&#8221;, afirmou.<\/p>\n<p>&#8220;Hoje, nossa vit\u00f3ria \u00e9 a prova de que a f\u00e9 e o trabalho sempre encontram o seu caminho. Mais uma vez, vamos seguir juntos para devolver ao Cabo um prefeito de verdade, comprometido em transformar e cuidar dessa cidade com dedica\u00e7\u00e3o e amor, como j\u00e1 mostrei que sei fazer&#8221;, acrescentou Lula Cabral.<\/p>\n<p>Lula Cabral foi condenado pelo Tribunal de Contas do Estado de Pernambuco a devolver aos cofres do Caboprev (Instituto de Previd\u00eancia Social do Munic\u00edpio do Cabo de Santo Agostinho) um total de R$ 88 milh\u00f5es, valor que teria sido desviado do \u00f3rg\u00e3o previdenci\u00e1rio municipal em 2018, durante sua gest\u00e3o como prefeito. Por conta dessas irregularidades, Cabral chegou a ser preso em 2018.<\/p>\n<p>O Minist\u00e9rio P\u00fablico de Contas (MPCO) emitiu um parecer que aponta Lula Cabral como respons\u00e1vel por uma perda superior a R$ 92 milh\u00f5es em investimentos feitos com fundos do Caboprev. No parecer, assinado pelo procurador Cristiano da Paix\u00e3o Pimentel, o ex-prefeito \u00e9 chamado a ressarcir os cofres p\u00fablicos municipais em exatos R$ 88.039.129,07.<\/p>\n<p>\u201cO CaboPrev investiu metade dos seus recursos em fundos de aplica\u00e7\u00f5es financeiras geridos pela Terra Nova que, ap\u00f3s serem realizadas, tra\u00e7aram rotas labir\u00ednticas chegando, por vezes em deb\u00eantures com baixa solv\u00eancia, demonstrando a aus\u00eancia de transpar\u00eancia dos fundos, quando n\u00e3o, uma completa oculta\u00e7\u00e3o dos riscos das opera\u00e7\u00f5es financeiras. Os fatos expostos apontam para fortes ind\u00edcios da exist\u00eancia de uma organiza\u00e7\u00e3o estruturada e habituada a cometer il\u00edcitos financeiros, onde o CaboPrev foi mais uma v\u00edtima\u201d, diz o relat\u00f3rio.<\/p>\n<p>O Cabo de Santo Agostinho integra a Regi\u00e3o Metropolitana do Recife, em dire\u00e7\u00e3o ao Litoral Sul de Pernambuco, sendo separado da capital pelo munic\u00edpio de Jaboat\u00e3o dos Guararapes. O cabo, acidente geogr\u00e1fico hom\u00f4nimo, \u00e9 considerado por muitos estudiosos como o verdadeiro local do descobrimento do Brasil, por ter sido a por\u00e7\u00e3o de terra avistada pelo navegador espanhol Vicente Pinzon, tr\u00eas meses antes da chegada de Pedro \u00c1lvares Cabral \u00e0 Bahia.<\/p>\n<p>A forma\u00e7\u00e3o rochosa, de origem vulc\u00e2nica, que avan\u00e7a sobre o mar, \u00e9 tamb\u00e9m um marco geol\u00f3gico mundial por representar o \u00faltimo ponto de ruptura entre a Am\u00e9rica do Sul e a \u00c1frica \u2014 que at\u00e9 ent\u00e3o eram unidas em uma \u00fanica e imensa massa continental.<\/p>\n<p>A cidade abriga juntamente com Ipojuca o Complexo Industrial Portu\u00e1rio de Suape, um dos maiores polos industriais do Nordeste do pa\u00eds. Tem ainda um belo litoral, onde se destacam as praias do Paiva, Itapuama e Gaibu, que rivalizam em beleza e procura por turistas com Porto de Galinhas, Muro Alto e Maraca\u00edpe, do munic\u00edpio vizinho.<\/p>\n","protected":false},"excerpt":{"rendered":"<p>O ex-prefeito do Cabo de Santo Agostinho, na Regi\u00e3o Metropolitana do Recife e atual deputado estadual Lula Cabral (SD) voltar\u00e1 \u00e0 chefia do munic\u00edpio no dia 1\u00ba de janeiro por decis\u00e3o monocr\u00e1tica do ministro Nunes Marques, do Tribunal Superior Eleitoral, que na noite dessa segunda-feira (29) deferiu sua candidatura que estava sub judice desde o [&hellip;]<\/p>\n","protected":false},"author":2,"featured_media":339758,"comment_status":"closed","ping_status":"closed","sticky":false,"template":"","format":"standard","meta":{"_acf_changed":false,"footnotes":""},"categories":[165],"tags":[95],"class_list":["post-339757","post","type-post","status-publish","format-standard","has-post-thumbnail","hentry","category-nordeste","tag-capa"],"acf":[],"_links":{"self":[{"href":"https:\/\/www.notibras.com\/site\/wp-json\/wp\/v2\/posts\/339757","targetHints":{"allow":["GET"]}}],"collection":[{"href":"https:\/\/www.notibras.com\/site\/wp-json\/wp\/v2\/posts"}],"about":[{"href":"https:\/\/www.notibras.com\/site\/wp-json\/wp\/v2\/types\/post"}],"author":[{"embeddable":true,"href":"https:\/\/www.notibras.com\/site\/wp-json\/wp\/v2\/users\/2"}],"replies":[{"embeddable":true,"href":"https:\/\/www.notibras.com\/site\/wp-json\/wp\/v2\/comments?post=339757"}],"version-history":[{"count":1,"href":"https:\/\/www.notibras.com\/site\/wp-json\/wp\/v2\/posts\/339757\/revisions"}],"predecessor-version":[{"id":339759,"href":"https:\/\/www.notibras.com\/site\/wp-json\/wp\/v2\/posts\/339757\/revisions\/339759"}],"wp:featuredmedia":[{"embeddable":true,"href":"https:\/\/www.notibras.com\/site\/wp-json\/wp\/v2\/media\/339758"}],"wp:attachment":[{"href":"https:\/\/www.notibras.com\/site\/wp-json\/wp\/v2\/media?parent=339757"}],"wp:term":[{"taxonomy":"category","embeddable":true,"href":"https:\/\/www.notibras.com\/site\/wp-json\/wp\/v2\/categories?post=339757"},{"taxonomy":"post_tag","embeddable":true,"href":"https:\/\/www.notibras.com\/site\/wp-json\/wp\/v2\/tags?post=339757"}],"curies":[{"name":"wp","href":"https:\/\/api.w.org\/{rel}","templated":true}]}}