{"id":339764,"date":"2024-10-30T17:18:13","date_gmt":"2024-10-30T20:18:13","guid":{"rendered":"https:\/\/www.notibras.com\/site\/?p=339764"},"modified":"2024-10-30T17:19:44","modified_gmt":"2024-10-30T20:19:44","slug":"detran-fiscaliza-de-costas-e-joga-os-motoristas-brasilienses-no-gargalo","status":"publish","type":"post","link":"https:\/\/www.notibras.com\/site\/detran-fiscaliza-de-costas-e-joga-os-motoristas-brasilienses-no-gargalo\/","title":{"rendered":"Detran fiscaliza de costas e joga os motoristas brasilienses no gargalo"},"content":{"rendered":"<p>No cora\u00e7\u00e3o de Bras\u00edlia, o Detran adota uma pr\u00e1tica curiosa e ao mesmo tempo frustrante, principalmente para quem se aventura pelas bandas da L2 Sul, onde est\u00e3o localizados hospitais de grande porte, como o S\u00edrio-Liban\u00eas, Home e CBV Hospital de Olhos. A regi\u00e3o transformou-se em um verdadeiro desafio para quem busca atendimento m\u00e9dico. Com um fluxo constante de pacientes e acompanhantes, o movimento de ve\u00edculos nos estacionamentos p\u00fablicos \u00e9 marcado por desordem, dificuldade de manobra e filas intermin\u00e1veis, que muitas vezes resultam em pequenos acidentes e congestionamentos.<\/p>\n<p>Os agentes do Detran, enquanto isso, promovem uma fiscaliza\u00e7\u00e3o de costas. Com a aten\u00e7\u00e3o redobrada para infra\u00e7\u00f5es como a velocidade e a sinaliza\u00e7\u00e3o, o \u00f3rg\u00e3o parece desviar o olhar de um problema crescente e cotidiano que afeta diretamente a qualidade de vida dos brasilienses \u2013 os estacionamentos p\u00fablicos cada vez mais congestionados e desorganizados.<\/p>\n<p>Em um cen\u00e1rio onde vagas parecem ser raridade e motoristas se engalfinham em filas intermin\u00e1veis, o Detran prefere concentrar esfor\u00e7os em aplicar multas nas principais vias, deixando os estacionamentos de lado. N\u00e3o \u00e9 incomum ver ve\u00edculos amontoados, ocupando duas vagas de uma s\u00f3 vez, estacionados sobre cal\u00e7adas ou bloqueando sa\u00eddas de emerg\u00eancia. O caos reina nos estacionamentos, enquanto o Detran finge n\u00e3o ver o elefante no meio da pra\u00e7a.<\/p>\n<p>\u00c9 claro que ningu\u00e9m discorda da import\u00e2ncia de fiscalizar infra\u00e7\u00f5es que comprometam a seguran\u00e7a no tr\u00e2nsito, mas o problema do estacionamento \u2013 ou a falta dele \u2013 tem se tornado uma quest\u00e3o social. Com a aus\u00eancia de um ordenamento adequado, perdem os motoristas, que gastam preciosos minutos em busca de uma vaga; perdem os comerciantes, que veem clientes desistirem de frequentar determinadas \u00e1reas pela dificuldade em estacionar; e perde, sobretudo, o pr\u00f3prio \u00f3rg\u00e3o fiscalizador, cuja fun\u00e7\u00e3o deveria incluir a promo\u00e7\u00e3o de um tr\u00e2nsito ordenado e funcional em todas as esferas.<\/p>\n<p>A omiss\u00e3o do Detran nos estacionamentos passa a impress\u00e3o de uma fiscaliza\u00e7\u00e3o seletiva, que escolhe o que \u00e9 mais lucrativo ao inv\u00e9s do que \u00e9 mais necess\u00e1rio. Ao deixar de regular os estacionamentos, o \u00f3rg\u00e3o contribui para o estresse di\u00e1rio dos motoristas e para uma cidade onde estacionar virou um verdadeiro campo de batalha. Afinal, de que adianta controlar a velocidade nas vias, se o motorista passa mais tempo tentando estacionar do que propriamente dirigindo?<\/p>\n","protected":false},"excerpt":{"rendered":"<p>No cora\u00e7\u00e3o de Bras\u00edlia, o Detran adota uma pr\u00e1tica curiosa e ao mesmo tempo frustrante, principalmente para quem se aventura pelas bandas da L2 Sul, onde est\u00e3o localizados hospitais de grande porte, como o S\u00edrio-Liban\u00eas, Home e CBV Hospital de Olhos. A regi\u00e3o transformou-se em um verdadeiro desafio para quem busca atendimento m\u00e9dico. Com um [&hellip;]<\/p>\n","protected":false},"author":2,"featured_media":339766,"comment_status":"closed","ping_status":"closed","sticky":false,"template":"","format":"standard","meta":{"_acf_changed":false,"footnotes":""},"categories":[161],"tags":[],"class_list":["post-339764","post","type-post","status-publish","format-standard","has-post-thumbnail","hentry","category-quadradinho-em-foco"],"acf":[],"_links":{"self":[{"href":"https:\/\/www.notibras.com\/site\/wp-json\/wp\/v2\/posts\/339764","targetHints":{"allow":["GET"]}}],"collection":[{"href":"https:\/\/www.notibras.com\/site\/wp-json\/wp\/v2\/posts"}],"about":[{"href":"https:\/\/www.notibras.com\/site\/wp-json\/wp\/v2\/types\/post"}],"author":[{"embeddable":true,"href":"https:\/\/www.notibras.com\/site\/wp-json\/wp\/v2\/users\/2"}],"replies":[{"embeddable":true,"href":"https:\/\/www.notibras.com\/site\/wp-json\/wp\/v2\/comments?post=339764"}],"version-history":[{"count":3,"href":"https:\/\/www.notibras.com\/site\/wp-json\/wp\/v2\/posts\/339764\/revisions"}],"predecessor-version":[{"id":339769,"href":"https:\/\/www.notibras.com\/site\/wp-json\/wp\/v2\/posts\/339764\/revisions\/339769"}],"wp:featuredmedia":[{"embeddable":true,"href":"https:\/\/www.notibras.com\/site\/wp-json\/wp\/v2\/media\/339766"}],"wp:attachment":[{"href":"https:\/\/www.notibras.com\/site\/wp-json\/wp\/v2\/media?parent=339764"}],"wp:term":[{"taxonomy":"category","embeddable":true,"href":"https:\/\/www.notibras.com\/site\/wp-json\/wp\/v2\/categories?post=339764"},{"taxonomy":"post_tag","embeddable":true,"href":"https:\/\/www.notibras.com\/site\/wp-json\/wp\/v2\/tags?post=339764"}],"curies":[{"name":"wp","href":"https:\/\/api.w.org\/{rel}","templated":true}]}}