{"id":339843,"date":"2024-10-31T14:04:37","date_gmt":"2024-10-31T17:04:37","guid":{"rendered":"https:\/\/www.notibras.com\/site\/?p=339843"},"modified":"2024-10-31T14:08:37","modified_gmt":"2024-10-31T17:08:37","slug":"tiroteio-com-caso-nalva-acirra-disputa-por-comando-da-oab","status":"publish","type":"post","link":"https:\/\/www.notibras.com\/site\/tiroteio-com-caso-nalva-acirra-disputa-por-comando-da-oab\/","title":{"rendered":"Tiroteio com Caso Nalva acirra disputa por comando da OAB"},"content":{"rendered":"<p>A elei\u00e7\u00e3o para a presid\u00eancia da seccional da OAB em Bras\u00edlia, disputada em cinco frentes, est\u00e1 deixando os advogados tontos. O clima chegou a tal ponto que um interlocutor de <strong>Notibras<\/strong> citou Rui Barbosa, para quem &#8216;covardes n\u00e3o s\u00e3o dignos da advocacia&#8217;. E nesse &#8220;jogo de empurra&#8221; observa-se um cen\u00e1rio ainda mais efervescente com a exuma\u00e7\u00e3o do Caso Nalva, provocando um tiroteio em \u00c1guas Claras que pode ricochetear para todos os lados.<\/p>\n<p>Ao que se apurou, doutor Welbert, agora candidato, antes de romper com seus velhos aliados, presidia a Comiss\u00e3o de Ci\u00eancias Criminais, tendo se negado, \u00e0 \u00e9poca, a atender sua colega de subse\u00e7\u00e3o Nalva, supostamente perseguida pelo STF.<\/p>\n<p>Hoje, por\u00e9m &#8211; pontua nosso interlocutor -, o que acontece \u00e9 que &#8220;o candidato que esbraveja e fala sobre prerrogativas&#8221;, teria se negado a atender a colega, alegando que n\u00e3o ganharia nada em ajud\u00e1-la (isso visto sob o aspecto financeiro). Ao mesmo tempo, tamb\u00e9m n\u00e3o seria animador, para ele, &#8216;comprar uma briga&#8217; com o Supremo.<\/p>\n<p>Na tentativa de explicar a situa\u00e7\u00e3o, doutor Alexandre, um dos primeiros advogados da colega Nalva, postou um v\u00eddeo no Youtube na expectativa de defender o candidato Welbert. Mas, j\u00e1 at\u00e9 a borda, o caldo jorrou e respingou em muita gente. Tudo porque Alexandre confirmou que acabou atuando no caso a pedido de Welbert, que teria alegado \u00e0quela altura que n\u00e3o atuaria por n\u00e3o poder cobrar honor\u00e1rios.<\/p>\n<p>O estranho, ainda segundo o interlocutor de <strong>Notibras<\/strong>, \u00e9 que ao prometer ajuda aos advogados pela OAB, Welbert teria esquecido que o cargo na Ordem n\u00e3o \u00e9 remunerado. Fica, assim, a d\u00favida sobre qual a real inten\u00e7\u00e3o do candidato em presidir a subse\u00e7\u00e3o de \u00c1guas Claras.<\/p>\n<p>De sua parte, a doutora Nalva produziu seu pr\u00f3prio v\u00eddeo, agradecendo, nas palavras dela, &#8216;o empenho&#8217; de Eric Silva, atual presidente da subse\u00e7\u00e3o de \u00c1guas Claras, que se prontificou a defend\u00ea-la sem cobrar honor\u00e1rios e muito menos (aqui voltam as palavras de Rui Barbosa) se acovardar diante de uma Corte superior.<\/p>\n<p>\u00c9 certo, lembra nosso interlocutor, que muitos advogados querem ver a OAB comprometida com a \u00e9tica e a transpar\u00eancia, mas principalmente que seus representantes n\u00e3o baixem a cabe\u00e7a para ningu\u00e9m. Ao contr\u00e1rio, devem, sim, erguer a advocacia ao local que lhe \u00e9 seu por direito.<\/p>\n<p><strong>p\/s<\/strong> &#8211; Os advogados citados acima foram procurados, sem sucesso (at\u00e9 a edi\u00e7\u00e3o deste texto), para comentar esse &#8216;tiroteio&#8217; verbal. O espa\u00e7o fica aberto democraticamente para eventuais manifesta\u00e7\u00f5es das partes envolvidas.<\/p>\n","protected":false},"excerpt":{"rendered":"<p>A elei\u00e7\u00e3o para a presid\u00eancia da seccional da OAB em Bras\u00edlia, disputada em cinco frentes, est\u00e1 deixando os advogados tontos. O clima chegou a tal ponto que um interlocutor de Notibras citou Rui Barbosa, para quem &#8216;covardes n\u00e3o s\u00e3o dignos da advocacia&#8217;. E nesse &#8220;jogo de empurra&#8221; observa-se um cen\u00e1rio ainda mais efervescente com a [&hellip;]<\/p>\n","protected":false},"author":2,"featured_media":259091,"comment_status":"closed","ping_status":"closed","sticky":false,"template":"","format":"standard","meta":{"_acf_changed":false,"footnotes":""},"categories":[161],"tags":[],"class_list":["post-339843","post","type-post","status-publish","format-standard","has-post-thumbnail","hentry","category-quadradinho-em-foco"],"acf":[],"_links":{"self":[{"href":"https:\/\/www.notibras.com\/site\/wp-json\/wp\/v2\/posts\/339843","targetHints":{"allow":["GET"]}}],"collection":[{"href":"https:\/\/www.notibras.com\/site\/wp-json\/wp\/v2\/posts"}],"about":[{"href":"https:\/\/www.notibras.com\/site\/wp-json\/wp\/v2\/types\/post"}],"author":[{"embeddable":true,"href":"https:\/\/www.notibras.com\/site\/wp-json\/wp\/v2\/users\/2"}],"replies":[{"embeddable":true,"href":"https:\/\/www.notibras.com\/site\/wp-json\/wp\/v2\/comments?post=339843"}],"version-history":[{"count":3,"href":"https:\/\/www.notibras.com\/site\/wp-json\/wp\/v2\/posts\/339843\/revisions"}],"predecessor-version":[{"id":339846,"href":"https:\/\/www.notibras.com\/site\/wp-json\/wp\/v2\/posts\/339843\/revisions\/339846"}],"wp:featuredmedia":[{"embeddable":true,"href":"https:\/\/www.notibras.com\/site\/wp-json\/wp\/v2\/media\/259091"}],"wp:attachment":[{"href":"https:\/\/www.notibras.com\/site\/wp-json\/wp\/v2\/media?parent=339843"}],"wp:term":[{"taxonomy":"category","embeddable":true,"href":"https:\/\/www.notibras.com\/site\/wp-json\/wp\/v2\/categories?post=339843"},{"taxonomy":"post_tag","embeddable":true,"href":"https:\/\/www.notibras.com\/site\/wp-json\/wp\/v2\/tags?post=339843"}],"curies":[{"name":"wp","href":"https:\/\/api.w.org\/{rel}","templated":true}]}}