{"id":339876,"date":"2024-11-01T07:22:00","date_gmt":"2024-11-01T10:22:00","guid":{"rendered":"https:\/\/www.notibras.com\/site\/?p=339876"},"modified":"2024-11-01T07:24:19","modified_gmt":"2024-11-01T10:24:19","slug":"poli-tenta-unir-adversarios-em-batalha-comum-contra-cleber-o-advogado-verde","status":"publish","type":"post","link":"https:\/\/www.notibras.com\/site\/poli-tenta-unir-adversarios-em-batalha-comum-contra-cleber-o-advogado-verde\/","title":{"rendered":"Poli tenta unir advers\u00e1rios em batalha comum contra Cl\u00e9ber, o advogado Verde"},"content":{"rendered":"<p>Tanto quanto h\u00e1 algo de podre no reino da Dinamarca, coisa semelhante acontece no mercado imobili\u00e1rio de Bras\u00edlia. Justamente na capital da Rep\u00fablica, onde irm\u00e3os de sangue, ou padrinho e afilhado, sonham em se perpetuar ou voltar a diferentes esferas do poder. A narrativa de Shakespeare com seu Hamlet est\u00e1 sendo associada, aqui, \u00e0s elei\u00e7\u00f5es para a seccional da OAB.<\/p>\n<p>A confus\u00e3o est\u00e1 t\u00e3o grande, que representantes das quatro chapas que disputam a cadeira de D\u00e9lio Lins e Silva Jr com Cleber Lopes, apadrinhado de Ibaneis Rocha, podem ingressar com reclama\u00e7\u00e3o na Comiss\u00e3o Eleitoral e no Conselho de \u00c9tica da Ordem, pedindo para investigar supostos abusos de poder pol\u00edtico e econ\u00f4mico da Chapa Verde.<\/p>\n<p>A iniciativa teria partido do comit\u00ea de Paulo Poli Maur\u00edcio, atual secret\u00e1rio-geral da OAB brasiliense, que teme ficar fora da disputa com o quadro de polariza\u00e7\u00e3o cada vez maior entre Everardo Vev\u00e9 Gueiros e Cl\u00e9ber Afilhado Lopes. O que se comenta nos bastidores \u00e9 que para sobreviver na campanha, Poli precisa tirar, entre os dois principais advers\u00e1rios, ao menos o mais fraco. No caso, Cl\u00e9ber. E como em elei\u00e7\u00e3o, independente do cargo em disputa, vale tudo&#8230;<\/p>\n<p>O problema gira em torno do pr\u00e9dio que abriga o comit\u00ea central da campanha de Cl\u00e9ber. Fica na W-2 Sul, ao lado do restaurante Amig\u00e3o. O im\u00f3vel pertence \u00e0 ex-esposa de Ibaneis. N\u00e3o se tem not\u00edcia de um contrato formal de loca\u00e7\u00e3o. Mas h\u00e1 o pr\u00e9dio, o comit\u00ea. Valores? Ningu\u00e9m comenta. \u00c9 a\u00ed que entram as suspeitas de favorecimento, de inger\u00eancia pol\u00edtica, e at\u00e9 mesmo de suposto Caixa 2 na campanha j\u00e1 apelidada de ibanista.<\/p>\n<p>Pelo visto, quando se fala mais uma vez em amizade e generosidade, Ibaneis Rocha d\u00e1 o que falar. Se considerarmos apenas uma eventual decis\u00e3o de emprestar o pr\u00e9dio, convenientemente registrado no nome de sua ex-esposa para abrigar o comit\u00ea central de seu advogado e fiel escudeiro Cl\u00e9ber Lopes, mesmo assim o governador dei \u00e0 mostra pano pra muita manga, onde cartas marcadas podem estar bem escondidas.<\/p>\n<p>Coladinho ao Amig\u00e3o, refer\u00eancia da boa e velha comida caseira, o pr\u00e9dio &#8211; esse o entendimento do grupo de Poli &#8211; parece ser o cen\u00e1rio ideal para uma alian\u00e7a de conveni\u00eancia. Tudo porque a campanha de Cl\u00e9ber, ali instalada, se torna, na verdade, em uma excelente oportunidade para Ibaneis garantir que a OAB de Bras\u00edlia volte, digamos assim, a ser a velha aliada do Pal\u00e1cio do Buriti. Afinal, Cl\u00e9ber n\u00e3o apenas advoga para o governador; ele \u00e9 a pe\u00e7a-chave para manter o jogo quente at\u00e9 a eventual volta triunfal de Ibaneis \u00e0 atividade advocat\u00edcia.<\/p>\n<p>A preocupa\u00e7\u00e3o que Poli busca transmitir aos seus &#8216;colegas advers\u00e1rios&#8217; para uma batalha mais aberta contra Cl\u00e9ber, \u00e9 que, como bom pupilo, o candidato verde pode devolver todas as aten\u00e7\u00f5es do cliente fiel. Na melhor das hip\u00f3teses, poderia mesmo transformar a OAB-DF em uma extens\u00e3o dos interesses de Ibaneis, numa rela\u00e7\u00e3o de subservi\u00eancia pouco disfar\u00e7ada. Quem sabe, de l\u00e1, Cl\u00e9ber n\u00e3o aque\u00e7a o banco e ainda ajeita o palco para que Ibaneis retorne \u00e0 advocacia com toda pompa e circunst\u00e2ncia?<\/p>\n<p>Parece que o Amig\u00e3o n\u00e3o \u00e9 s\u00f3 o restaurante ao lado \u2013 afinal, amigos assim, que oferecem pr\u00e9dios, influ\u00eancia e at\u00e9 o pr\u00f3prio futuro da Ordem dos Advogados, s\u00e3o mesmo raridade. O \u00fanico problema nesse imbr\u00f3glio \u00e9 que as outras tr\u00eas chapas n\u00e3o parecem interessadas em abra\u00e7ar a causa de Poli. N\u00e3o temos como jogar aspas em frases, pois s\u00e3o falas atribu\u00eddas a fontes. O que se diz, por\u00e9m, \u00e9 que o abra\u00e7o dos afogados ser\u00e1 entre o atual secret\u00e1rio da Ordem e o cada vez mais enrolado (com Ibaneis e com a pr\u00f3pria classe) candidato a ocupar a cadeira de D\u00e9lio Lins e Silva Jr.<\/p>\n","protected":false},"excerpt":{"rendered":"<p>Tanto quanto h\u00e1 algo de podre no reino da Dinamarca, coisa semelhante acontece no mercado imobili\u00e1rio de Bras\u00edlia. Justamente na capital da Rep\u00fablica, onde irm\u00e3os de sangue, ou padrinho e afilhado, sonham em se perpetuar ou voltar a diferentes esferas do poder. A narrativa de Shakespeare com seu Hamlet est\u00e1 sendo associada, aqui, \u00e0s elei\u00e7\u00f5es [&hellip;]<\/p>\n","protected":false},"author":2,"featured_media":339877,"comment_status":"closed","ping_status":"closed","sticky":false,"template":"","format":"standard","meta":{"_acf_changed":false,"footnotes":""},"categories":[161],"tags":[],"class_list":["post-339876","post","type-post","status-publish","format-standard","has-post-thumbnail","hentry","category-quadradinho-em-foco"],"acf":[],"_links":{"self":[{"href":"https:\/\/www.notibras.com\/site\/wp-json\/wp\/v2\/posts\/339876","targetHints":{"allow":["GET"]}}],"collection":[{"href":"https:\/\/www.notibras.com\/site\/wp-json\/wp\/v2\/posts"}],"about":[{"href":"https:\/\/www.notibras.com\/site\/wp-json\/wp\/v2\/types\/post"}],"author":[{"embeddable":true,"href":"https:\/\/www.notibras.com\/site\/wp-json\/wp\/v2\/users\/2"}],"replies":[{"embeddable":true,"href":"https:\/\/www.notibras.com\/site\/wp-json\/wp\/v2\/comments?post=339876"}],"version-history":[{"count":2,"href":"https:\/\/www.notibras.com\/site\/wp-json\/wp\/v2\/posts\/339876\/revisions"}],"predecessor-version":[{"id":339879,"href":"https:\/\/www.notibras.com\/site\/wp-json\/wp\/v2\/posts\/339876\/revisions\/339879"}],"wp:featuredmedia":[{"embeddable":true,"href":"https:\/\/www.notibras.com\/site\/wp-json\/wp\/v2\/media\/339877"}],"wp:attachment":[{"href":"https:\/\/www.notibras.com\/site\/wp-json\/wp\/v2\/media?parent=339876"}],"wp:term":[{"taxonomy":"category","embeddable":true,"href":"https:\/\/www.notibras.com\/site\/wp-json\/wp\/v2\/categories?post=339876"},{"taxonomy":"post_tag","embeddable":true,"href":"https:\/\/www.notibras.com\/site\/wp-json\/wp\/v2\/tags?post=339876"}],"curies":[{"name":"wp","href":"https:\/\/api.w.org\/{rel}","templated":true}]}}