{"id":33988,"date":"2015-01-14T09:45:12","date_gmt":"2015-01-14T12:45:12","guid":{"rendered":"http:\/\/www.notibras.com\/site\/?p=33988"},"modified":"2015-01-14T13:45:11","modified_gmt":"2015-01-14T16:45:11","slug":"mergulhado-na-lava-jato-ate-o-pescoco-collor-vai-parar-nas-alcas-do-supremo","status":"publish","type":"post","link":"https:\/\/www.notibras.com\/site\/mergulhado-na-lava-jato-ate-o-pescoco-collor-vai-parar-nas-alcas-do-supremo\/","title":{"rendered":"Mergulhado na Lava Jato at\u00e9 o pesco\u00e7o, Collor vai parar no STF"},"content":{"rendered":"<p>A Procuradoria-Geral da Rep\u00fablica deve denunciar o ex-presidente e senador Fernando Collor de Mello (PTB-AL) no in\u00edcio de fevereiro, quando pedidos de investiga\u00e7\u00f5es contra pol\u00edticos envolvidos na Opera\u00e7\u00e3o Lava Jato, da Pol\u00edcia Federal, ser\u00e3o enviados ao Supremo Tribunal Federal (STF).<\/p>\n<p>Autoridades respons\u00e1veis pelo caso consideram j\u00e1 possuir \u201celementos suficientes\u201d para denunciar o senador, sem a necessidade de colher novas provas por meio de um inqu\u00e9rito, segundo informa o jornal Folha de S.Paulo..<\/p>\n<p>Policiais federais encontraram, no ano passado, no escrit\u00f3rio do doleiro Alberto Youssef, em S\u00e3o Paulo, oito comprovantes de dep\u00f3sitos para o senador, que somam R$ 50 mil.<\/p>\n<blockquote><p>Todos os dep\u00f3sitos foram feitos em dinheiro em esp\u00e9cie nos dias 2 e 3 de maio de 2013. Youssef articulava as opera\u00e7\u00f5es envolvendo funcion\u00e1rios da Petrobras, empreiteiras contratadas pela estatal e pol\u00edticos.<\/p><\/blockquote>\n<p>Assim que as acusa\u00e7\u00f5es vieram a p\u00fablico, em maio do ano passado, Collor negou conhecer ou manter \u201crelacionamento pessoal ou pol\u00edtico\u201d com o doleiro. O ex-presidente foi procurado pelo jornal na ter\u00e7a-feira, mas o gabinete disse que ele estava fora de Bras\u00edlia e n\u00e3o iria se pronunciar.<\/p>\n<p>O ex-diretor da Petrobras Paulo Roberto Costa, um dos principais delatores do esquema de corrup\u00e7\u00e3o, disse que entre 35 e 40 pol\u00edticos foram citados em seu depoimento.<\/p>\n","protected":false},"excerpt":{"rendered":"<p>A Procuradoria-Geral da Rep\u00fablica deve denunciar o ex-presidente e senador Fernando Collor de Mello (PTB-AL) no in\u00edcio de fevereiro, quando pedidos de investiga\u00e7\u00f5es contra pol\u00edticos envolvidos na Opera\u00e7\u00e3o Lava Jato, da Pol\u00edcia Federal, ser\u00e3o enviados ao Supremo Tribunal Federal (STF). Autoridades respons\u00e1veis pelo caso consideram j\u00e1 possuir \u201celementos suficientes\u201d para denunciar o senador, sem a [&hellip;]<\/p>\n","protected":false},"author":2,"featured_media":33989,"comment_status":"open","ping_status":"closed","sticky":false,"template":"","format":"standard","meta":{"_acf_changed":false,"footnotes":""},"categories":[16],"tags":[],"class_list":["post-33988","post","type-post","status-publish","format-standard","has-post-thumbnail","hentry","category-brasil"],"acf":[],"yoast_head":"<!-- This site is optimized with the Yoast SEO plugin v27.2 - https:\/\/yoast.com\/product\/yoast-seo-wordpress\/ -->\n<title>Mergulhado na Lava Jato at\u00e9 o pesco\u00e7o, Collor vai parar no STF - Notibras<\/title>\n<meta name=\"robots\" content=\"index, follow, max-snippet:-1, max-image-preview:large, max-video-preview:-1\" \/>\n<link rel=\"canonical\" href=\"https:\/\/www.notibras.com\/site\/mergulhado-na-lava-jato-ate-o-pescoco-collor-vai-parar-nas-alcas-do-supremo\/\" \/>\n<meta property=\"og:locale\" content=\"pt_BR\" \/>\n<meta property=\"og:type\" content=\"article\" \/>\n<meta property=\"og:title\" content=\"Mergulhado na Lava Jato at\u00e9 o pesco\u00e7o, Collor vai parar no STF - Notibras\" \/>\n<meta property=\"og:description\" content=\"A Procuradoria-Geral da Rep\u00fablica deve denunciar o ex-presidente e senador Fernando Collor de Mello (PTB-AL) no in\u00edcio de fevereiro, quando pedidos de investiga\u00e7\u00f5es contra pol\u00edticos envolvidos na Opera\u00e7\u00e3o Lava Jato, da Pol\u00edcia Federal, ser\u00e3o enviados ao Supremo Tribunal Federal (STF). Autoridades respons\u00e1veis pelo caso consideram j\u00e1 possuir \u201celementos suficientes\u201d para denunciar o senador, sem a [&hellip;]\" \/>\n<meta property=\"og:url\" content=\"https:\/\/www.notibras.com\/site\/mergulhado-na-lava-jato-ate-o-pescoco-collor-vai-parar-nas-alcas-do-supremo\/\" \/>\n<meta property=\"og:site_name\" content=\"Notibras\" \/>\n<meta property=\"article:publisher\" content=\"https:\/\/www.facebook.com\/notibras\/\" \/>\n<meta property=\"article:published_time\" content=\"2015-01-14T12:45:12+00:00\" \/>\n<meta property=\"article:modified_time\" content=\"2015-01-14T16:45:11+00:00\" \/>\n<meta property=\"og:image\" content=\"https:\/\/www.notibras.com\/site\/wp-content\/uploads\/2015\/01\/col.jpg\" \/>\n\t<meta property=\"og:image:width\" content=\"460\" \/>\n\t<meta property=\"og:image:height\" content=\"340\" \/>\n\t<meta property=\"og:image:type\" content=\"image\/jpeg\" \/>\n<meta name=\"author\" content=\"Reda\u00e7\u00e3o\" \/>\n<meta name=\"twitter:card\" content=\"summary_large_image\" \/>\n<meta name=\"twitter:creator\" content=\"@Notibras\" \/>\n<meta name=\"twitter:site\" content=\"@Notibras\" \/>\n<meta name=\"twitter:label1\" content=\"Escrito por\" \/>\n\t<meta name=\"twitter:data1\" content=\"Reda\u00e7\u00e3o\" \/>\n\t<meta name=\"twitter:label2\" content=\"Est. tempo de leitura\" \/>\n\t<meta name=\"twitter:data2\" content=\"1 minuto\" \/>\n<script type=\"application\/ld+json\" class=\"yoast-schema-graph\">{\"@context\":\"https:\/\/schema.org\",\"@graph\":[{\"@type\":\"Article\",\"@id\":\"https:\/\/www.notibras.com\/site\/mergulhado-na-lava-jato-ate-o-pescoco-collor-vai-parar-nas-alcas-do-supremo\/#article\",\"isPartOf\":{\"@id\":\"https:\/\/www.notibras.com\/site\/mergulhado-na-lava-jato-ate-o-pescoco-collor-vai-parar-nas-alcas-do-supremo\/\"},\"author\":{\"name\":\"Reda\u00e7\u00e3o\",\"@id\":\"https:\/\/www.notibras.com\/site\/#\/schema\/person\/36ab0979449956132d3e5b517ea76ac8\"},\"headline\":\"Mergulhado na Lava Jato at\u00e9 o pesco\u00e7o, Collor vai parar no STF\",\"datePublished\":\"2015-01-14T12:45:12+00:00\",\"dateModified\":\"2015-01-14T16:45:11+00:00\",\"mainEntityOfPage\":{\"@id\":\"https:\/\/www.notibras.com\/site\/mergulhado-na-lava-jato-ate-o-pescoco-collor-vai-parar-nas-alcas-do-supremo\/\"},\"wordCount\":238,\"commentCount\":0,\"publisher\":{\"@id\":\"https:\/\/www.notibras.com\/site\/#organization\"},\"image\":{\"@id\":\"https:\/\/www.notibras.com\/site\/mergulhado-na-lava-jato-ate-o-pescoco-collor-vai-parar-nas-alcas-do-supremo\/#primaryimage\"},\"thumbnailUrl\":\"https:\/\/www.notibras.com\/site\/wp-content\/uploads\/2015\/01\/col.jpg\",\"articleSection\":[\"Brasil\"],\"inLanguage\":\"pt-BR\",\"potentialAction\":[{\"@type\":\"CommentAction\",\"name\":\"Comment\",\"target\":[\"https:\/\/www.notibras.com\/site\/mergulhado-na-lava-jato-ate-o-pescoco-collor-vai-parar-nas-alcas-do-supremo\/#respond\"]}]},{\"@type\":\"WebPage\",\"@id\":\"https:\/\/www.notibras.com\/site\/mergulhado-na-lava-jato-ate-o-pescoco-collor-vai-parar-nas-alcas-do-supremo\/\",\"url\":\"https:\/\/www.notibras.com\/site\/mergulhado-na-lava-jato-ate-o-pescoco-collor-vai-parar-nas-alcas-do-supremo\/\",\"name\":\"Mergulhado na Lava Jato at\u00e9 o pesco\u00e7o, Collor vai parar no STF - Notibras\",\"isPartOf\":{\"@id\":\"https:\/\/www.notibras.com\/site\/#website\"},\"primaryImageOfPage\":{\"@id\":\"https:\/\/www.notibras.com\/site\/mergulhado-na-lava-jato-ate-o-pescoco-collor-vai-parar-nas-alcas-do-supremo\/#primaryimage\"},\"image\":{\"@id\":\"https:\/\/www.notibras.com\/site\/mergulhado-na-lava-jato-ate-o-pescoco-collor-vai-parar-nas-alcas-do-supremo\/#primaryimage\"},\"thumbnailUrl\":\"https:\/\/www.notibras.com\/site\/wp-content\/uploads\/2015\/01\/col.jpg\",\"datePublished\":\"2015-01-14T12:45:12+00:00\",\"dateModified\":\"2015-01-14T16:45:11+00:00\",\"breadcrumb\":{\"@id\":\"https:\/\/www.notibras.com\/site\/mergulhado-na-lava-jato-ate-o-pescoco-collor-vai-parar-nas-alcas-do-supremo\/#breadcrumb\"},\"inLanguage\":\"pt-BR\",\"potentialAction\":[{\"@type\":\"ReadAction\",\"target\":[\"https:\/\/www.notibras.com\/site\/mergulhado-na-lava-jato-ate-o-pescoco-collor-vai-parar-nas-alcas-do-supremo\/\"]}]},{\"@type\":\"ImageObject\",\"inLanguage\":\"pt-BR\",\"@id\":\"https:\/\/www.notibras.com\/site\/mergulhado-na-lava-jato-ate-o-pescoco-collor-vai-parar-nas-alcas-do-supremo\/#primaryimage\",\"url\":\"https:\/\/www.notibras.com\/site\/wp-content\/uploads\/2015\/01\/col.jpg\",\"contentUrl\":\"https:\/\/www.notibras.com\/site\/wp-content\/uploads\/2015\/01\/col.jpg\",\"width\":460,\"height\":340},{\"@type\":\"BreadcrumbList\",\"@id\":\"https:\/\/www.notibras.com\/site\/mergulhado-na-lava-jato-ate-o-pescoco-collor-vai-parar-nas-alcas-do-supremo\/#breadcrumb\",\"itemListElement\":[{\"@type\":\"ListItem\",\"position\":1,\"name\":\"In\u00edcio\",\"item\":\"https:\/\/www.notibras.com\/site\/\"},{\"@type\":\"ListItem\",\"position\":2,\"name\":\"Mergulhado na Lava Jato at\u00e9 o pesco\u00e7o, Collor vai parar no STF\"}]},{\"@type\":\"WebSite\",\"@id\":\"https:\/\/www.notibras.com\/site\/#website\",\"url\":\"https:\/\/www.notibras.com\/site\/\",\"name\":\"Notibras\",\"description\":\"Not\u00edcias de Bras\u00edlia, do Brasil e do Mundo\",\"publisher\":{\"@id\":\"https:\/\/www.notibras.com\/site\/#organization\"},\"potentialAction\":[{\"@type\":\"SearchAction\",\"target\":{\"@type\":\"EntryPoint\",\"urlTemplate\":\"https:\/\/www.notibras.com\/site\/?s={search_term_string}\"},\"query-input\":{\"@type\":\"PropertyValueSpecification\",\"valueRequired\":true,\"valueName\":\"search_term_string\"}}],\"inLanguage\":\"pt-BR\"},{\"@type\":\"Organization\",\"@id\":\"https:\/\/www.notibras.com\/site\/#organization\",\"name\":\"Grupo Notibras de Comunica\u00e7\u00e3o\",\"url\":\"https:\/\/www.notibras.com\/site\/\",\"logo\":{\"@type\":\"ImageObject\",\"inLanguage\":\"pt-BR\",\"@id\":\"https:\/\/www.notibras.com\/site\/#\/schema\/logo\/image\/\",\"url\":\"https:\/\/www.notibras.com\/site\/wp-content\/uploads\/2023\/01\/notibras23.png\",\"contentUrl\":\"https:\/\/www.notibras.com\/site\/wp-content\/uploads\/2023\/01\/notibras23.png\",\"width\":350,\"height\":87,\"caption\":\"Grupo Notibras de Comunica\u00e7\u00e3o\"},\"image\":{\"@id\":\"https:\/\/www.notibras.com\/site\/#\/schema\/logo\/image\/\"},\"sameAs\":[\"https:\/\/www.facebook.com\/notibras\/\",\"https:\/\/x.com\/Notibras\",\"https:\/\/www.instagram.com\/notibras\/\"]},{\"@type\":\"Person\",\"@id\":\"https:\/\/www.notibras.com\/site\/#\/schema\/person\/36ab0979449956132d3e5b517ea76ac8\",\"name\":\"Reda\u00e7\u00e3o\",\"image\":{\"@type\":\"ImageObject\",\"inLanguage\":\"pt-BR\",\"@id\":\"https:\/\/secure.gravatar.com\/avatar\/e0a867bdedb85fd243eadf09663511f96fc81e0720a4a42581f334ad4303aa6b?s=96&d=mm&r=g\",\"url\":\"https:\/\/secure.gravatar.com\/avatar\/e0a867bdedb85fd243eadf09663511f96fc81e0720a4a42581f334ad4303aa6b?s=96&d=mm&r=g\",\"contentUrl\":\"https:\/\/secure.gravatar.com\/avatar\/e0a867bdedb85fd243eadf09663511f96fc81e0720a4a42581f334ad4303aa6b?s=96&d=mm&r=g\",\"caption\":\"Reda\u00e7\u00e3o\"}}]}<\/script>\n<!-- \/ Yoast SEO plugin. -->","yoast_head_json":{"title":"Mergulhado na Lava Jato at\u00e9 o pesco\u00e7o, Collor vai parar no STF - Notibras","robots":{"index":"index","follow":"follow","max-snippet":"max-snippet:-1","max-image-preview":"max-image-preview:large","max-video-preview":"max-video-preview:-1"},"canonical":"https:\/\/www.notibras.com\/site\/mergulhado-na-lava-jato-ate-o-pescoco-collor-vai-parar-nas-alcas-do-supremo\/","og_locale":"pt_BR","og_type":"article","og_title":"Mergulhado na Lava Jato at\u00e9 o pesco\u00e7o, Collor vai parar no STF - Notibras","og_description":"A Procuradoria-Geral da Rep\u00fablica deve denunciar o ex-presidente e senador Fernando Collor de Mello (PTB-AL) no in\u00edcio de fevereiro, quando pedidos de investiga\u00e7\u00f5es contra pol\u00edticos envolvidos na Opera\u00e7\u00e3o Lava Jato, da Pol\u00edcia Federal, ser\u00e3o enviados ao Supremo Tribunal Federal (STF). Autoridades respons\u00e1veis pelo caso consideram j\u00e1 possuir \u201celementos suficientes\u201d para denunciar o senador, sem a [&hellip;]","og_url":"https:\/\/www.notibras.com\/site\/mergulhado-na-lava-jato-ate-o-pescoco-collor-vai-parar-nas-alcas-do-supremo\/","og_site_name":"Notibras","article_publisher":"https:\/\/www.facebook.com\/notibras\/","article_published_time":"2015-01-14T12:45:12+00:00","article_modified_time":"2015-01-14T16:45:11+00:00","og_image":[{"width":460,"height":340,"url":"https:\/\/www.notibras.com\/site\/wp-content\/uploads\/2015\/01\/col.jpg","type":"image\/jpeg"}],"author":"Reda\u00e7\u00e3o","twitter_card":"summary_large_image","twitter_creator":"@Notibras","twitter_site":"@Notibras","twitter_misc":{"Escrito por":"Reda\u00e7\u00e3o","Est. tempo de leitura":"1 minuto"},"schema":{"@context":"https:\/\/schema.org","@graph":[{"@type":"Article","@id":"https:\/\/www.notibras.com\/site\/mergulhado-na-lava-jato-ate-o-pescoco-collor-vai-parar-nas-alcas-do-supremo\/#article","isPartOf":{"@id":"https:\/\/www.notibras.com\/site\/mergulhado-na-lava-jato-ate-o-pescoco-collor-vai-parar-nas-alcas-do-supremo\/"},"author":{"name":"Reda\u00e7\u00e3o","@id":"https:\/\/www.notibras.com\/site\/#\/schema\/person\/36ab0979449956132d3e5b517ea76ac8"},"headline":"Mergulhado na Lava Jato at\u00e9 o pesco\u00e7o, Collor vai parar no STF","datePublished":"2015-01-14T12:45:12+00:00","dateModified":"2015-01-14T16:45:11+00:00","mainEntityOfPage":{"@id":"https:\/\/www.notibras.com\/site\/mergulhado-na-lava-jato-ate-o-pescoco-collor-vai-parar-nas-alcas-do-supremo\/"},"wordCount":238,"commentCount":0,"publisher":{"@id":"https:\/\/www.notibras.com\/site\/#organization"},"image":{"@id":"https:\/\/www.notibras.com\/site\/mergulhado-na-lava-jato-ate-o-pescoco-collor-vai-parar-nas-alcas-do-supremo\/#primaryimage"},"thumbnailUrl":"https:\/\/www.notibras.com\/site\/wp-content\/uploads\/2015\/01\/col.jpg","articleSection":["Brasil"],"inLanguage":"pt-BR","potentialAction":[{"@type":"CommentAction","name":"Comment","target":["https:\/\/www.notibras.com\/site\/mergulhado-na-lava-jato-ate-o-pescoco-collor-vai-parar-nas-alcas-do-supremo\/#respond"]}]},{"@type":"WebPage","@id":"https:\/\/www.notibras.com\/site\/mergulhado-na-lava-jato-ate-o-pescoco-collor-vai-parar-nas-alcas-do-supremo\/","url":"https:\/\/www.notibras.com\/site\/mergulhado-na-lava-jato-ate-o-pescoco-collor-vai-parar-nas-alcas-do-supremo\/","name":"Mergulhado na Lava Jato at\u00e9 o pesco\u00e7o, Collor vai parar no STF - Notibras","isPartOf":{"@id":"https:\/\/www.notibras.com\/site\/#website"},"primaryImageOfPage":{"@id":"https:\/\/www.notibras.com\/site\/mergulhado-na-lava-jato-ate-o-pescoco-collor-vai-parar-nas-alcas-do-supremo\/#primaryimage"},"image":{"@id":"https:\/\/www.notibras.com\/site\/mergulhado-na-lava-jato-ate-o-pescoco-collor-vai-parar-nas-alcas-do-supremo\/#primaryimage"},"thumbnailUrl":"https:\/\/www.notibras.com\/site\/wp-content\/uploads\/2015\/01\/col.jpg","datePublished":"2015-01-14T12:45:12+00:00","dateModified":"2015-01-14T16:45:11+00:00","breadcrumb":{"@id":"https:\/\/www.notibras.com\/site\/mergulhado-na-lava-jato-ate-o-pescoco-collor-vai-parar-nas-alcas-do-supremo\/#breadcrumb"},"inLanguage":"pt-BR","potentialAction":[{"@type":"ReadAction","target":["https:\/\/www.notibras.com\/site\/mergulhado-na-lava-jato-ate-o-pescoco-collor-vai-parar-nas-alcas-do-supremo\/"]}]},{"@type":"ImageObject","inLanguage":"pt-BR","@id":"https:\/\/www.notibras.com\/site\/mergulhado-na-lava-jato-ate-o-pescoco-collor-vai-parar-nas-alcas-do-supremo\/#primaryimage","url":"https:\/\/www.notibras.com\/site\/wp-content\/uploads\/2015\/01\/col.jpg","contentUrl":"https:\/\/www.notibras.com\/site\/wp-content\/uploads\/2015\/01\/col.jpg","width":460,"height":340},{"@type":"BreadcrumbList","@id":"https:\/\/www.notibras.com\/site\/mergulhado-na-lava-jato-ate-o-pescoco-collor-vai-parar-nas-alcas-do-supremo\/#breadcrumb","itemListElement":[{"@type":"ListItem","position":1,"name":"In\u00edcio","item":"https:\/\/www.notibras.com\/site\/"},{"@type":"ListItem","position":2,"name":"Mergulhado na Lava Jato at\u00e9 o pesco\u00e7o, Collor vai parar no STF"}]},{"@type":"WebSite","@id":"https:\/\/www.notibras.com\/site\/#website","url":"https:\/\/www.notibras.com\/site\/","name":"Notibras","description":"Not\u00edcias de Bras\u00edlia, do Brasil e do Mundo","publisher":{"@id":"https:\/\/www.notibras.com\/site\/#organization"},"potentialAction":[{"@type":"SearchAction","target":{"@type":"EntryPoint","urlTemplate":"https:\/\/www.notibras.com\/site\/?s={search_term_string}"},"query-input":{"@type":"PropertyValueSpecification","valueRequired":true,"valueName":"search_term_string"}}],"inLanguage":"pt-BR"},{"@type":"Organization","@id":"https:\/\/www.notibras.com\/site\/#organization","name":"Grupo Notibras de Comunica\u00e7\u00e3o","url":"https:\/\/www.notibras.com\/site\/","logo":{"@type":"ImageObject","inLanguage":"pt-BR","@id":"https:\/\/www.notibras.com\/site\/#\/schema\/logo\/image\/","url":"https:\/\/www.notibras.com\/site\/wp-content\/uploads\/2023\/01\/notibras23.png","contentUrl":"https:\/\/www.notibras.com\/site\/wp-content\/uploads\/2023\/01\/notibras23.png","width":350,"height":87,"caption":"Grupo Notibras de Comunica\u00e7\u00e3o"},"image":{"@id":"https:\/\/www.notibras.com\/site\/#\/schema\/logo\/image\/"},"sameAs":["https:\/\/www.facebook.com\/notibras\/","https:\/\/x.com\/Notibras","https:\/\/www.instagram.com\/notibras\/"]},{"@type":"Person","@id":"https:\/\/www.notibras.com\/site\/#\/schema\/person\/36ab0979449956132d3e5b517ea76ac8","name":"Reda\u00e7\u00e3o","image":{"@type":"ImageObject","inLanguage":"pt-BR","@id":"https:\/\/secure.gravatar.com\/avatar\/e0a867bdedb85fd243eadf09663511f96fc81e0720a4a42581f334ad4303aa6b?s=96&d=mm&r=g","url":"https:\/\/secure.gravatar.com\/avatar\/e0a867bdedb85fd243eadf09663511f96fc81e0720a4a42581f334ad4303aa6b?s=96&d=mm&r=g","contentUrl":"https:\/\/secure.gravatar.com\/avatar\/e0a867bdedb85fd243eadf09663511f96fc81e0720a4a42581f334ad4303aa6b?s=96&d=mm&r=g","caption":"Reda\u00e7\u00e3o"}}]}},"amp_enabled":true,"_links":{"self":[{"href":"https:\/\/www.notibras.com\/site\/wp-json\/wp\/v2\/posts\/33988","targetHints":{"allow":["GET"]}}],"collection":[{"href":"https:\/\/www.notibras.com\/site\/wp-json\/wp\/v2\/posts"}],"about":[{"href":"https:\/\/www.notibras.com\/site\/wp-json\/wp\/v2\/types\/post"}],"author":[{"embeddable":true,"href":"https:\/\/www.notibras.com\/site\/wp-json\/wp\/v2\/users\/2"}],"replies":[{"embeddable":true,"href":"https:\/\/www.notibras.com\/site\/wp-json\/wp\/v2\/comments?post=33988"}],"version-history":[{"count":0,"href":"https:\/\/www.notibras.com\/site\/wp-json\/wp\/v2\/posts\/33988\/revisions"}],"wp:featuredmedia":[{"embeddable":true,"href":"https:\/\/www.notibras.com\/site\/wp-json\/wp\/v2\/media\/33989"}],"wp:attachment":[{"href":"https:\/\/www.notibras.com\/site\/wp-json\/wp\/v2\/media?parent=33988"}],"wp:term":[{"taxonomy":"category","embeddable":true,"href":"https:\/\/www.notibras.com\/site\/wp-json\/wp\/v2\/categories?post=33988"},{"taxonomy":"post_tag","embeddable":true,"href":"https:\/\/www.notibras.com\/site\/wp-json\/wp\/v2\/tags?post=33988"}],"curies":[{"name":"wp","href":"https:\/\/api.w.org\/{rel}","templated":true}]}}